{"id":584867,"date":"2025-03-02T15:24:11","date_gmt":"2025-03-02T21:24:11","guid":{"rendered":"https:\/\/www.zunoticia.com\/noticias-de-hidalgo\/?p=584867"},"modified":"2025-03-02T15:24:14","modified_gmt":"2025-03-02T21:24:14","slug":"realizan-bazar-de-mujeres-emprendedoras-conmemorativo-al-8-de-marzo","status":"publish","type":"post","link":"https:\/\/www.zunoticia.com\/noticias-de-hidalgo\/2025\/03\/02\/realizan-bazar-de-mujeres-emprendedoras-conmemorativo-al-8-de-marzo\/","title":{"rendered":"Realizan Bazar de mujeres emprendedoras conmemorativo al 8 de marzo"},"content":{"rendered":"<aside class=\"mashsb-container mashsb-main mashsb-stretched\"><div class=\"mashsb-box\"><div class=\"mashsb-count mash-large\" style=\"float:left\"><div class=\"counts mashsbcount\">0<\/div><span class=\"mashsb-sharetext\">SHARES<\/span><\/div><div class=\"mashsb-buttons\"><a class=\"mashicon-facebook mash-large mash-center mashsb-noshadow\" href=\"https:\/\/www.facebook.com\/sharer.php?u=https%3A%2F%2Fwww.zunoticia.com%2Fnoticias-de-hidalgo%2F2025%2F03%2F02%2Frealizan-bazar-de-mujeres-emprendedoras-conmemorativo-al-8-de-marzo%2F\" target=\"_top\" rel=\"nofollow\"><span class=\"icon\"><\/span><span class=\"text\">Share<\/span><\/a><a class=\"mashicon-twitter mash-large mash-center mashsb-noshadow\" href=\"https:\/\/twitter.com\/intent\/tweet?text=&amp;url=https:\/\/www.zunoticia.com\/noticias-de-hidalgo\/2025\/03\/02\/realizan-bazar-de-mujeres-emprendedoras-conmemorativo-al-8-de-marzo\/\" target=\"_top\" rel=\"nofollow\"><span class=\"icon\"><\/span><span class=\"text\">Tweet<\/span><\/a><div class=\"onoffswitch2 mash-large mashsb-noshadow\" style=\"display:none\"><\/div><\/div>\n            <\/div>\n                <div style=\"clear:both\"><\/div><div class=\"mashsb-toggle-container\"><\/div><\/aside>\n            <!-- Share buttons by mashshare.net - Version: 4.0.47-->\n<p><em>Por Gabriela Hern\u00e1ndez\/Zunoticia<\/em><\/p>\n\n\n\n<p><strong>Huejutla, Hgo.-<\/strong> La ma\u00f1ana de este domingo 02 de marzo, en la plaza 21 de Mayo de esta ciudad, se llev\u00f3 a cabo la inauguraci\u00f3n del &#8220;Bazar de mujeres emprendedoras&#8221; en el marco de las actividades en conmemoraci\u00f3n al D\u00eda Internacional de la Mujer.<\/p>\n\n\n\n<figure class=\"wp-block-image size-full\"><img fetchpriority=\"high\" decoding=\"async\" width=\"1600\" height=\"855\" src=\"https:\/\/www.zunoticia.com\/noticias-de-hidalgo\/wp-content\/uploads\/2025\/03\/eZy-Watermark_02-03-2025_01-01-21-5440p.m.jpg\" alt=\"\" class=\"wp-image-584859\"\/><\/figure>\n\n\n\n<p>La presidenta del Sistema DIF municipal Huejutla, la Dra. Kristel Rodr\u00edguez Flores, inaugur\u00f3 esta ma\u00f1ana el &#8220;Bazar de Emprendedoras&#8221; en compa\u00f1\u00eda de las regidoras presidentas de Comisi\u00f3n y las mujeres emprendedoras de la ciudad que se dieron cita a esta actividad.<\/p>\n\n\n\n<figure class=\"wp-block-image size-full\"><img decoding=\"async\" width=\"1600\" height=\"961\" src=\"https:\/\/www.zunoticia.com\/noticias-de-hidalgo\/wp-content\/uploads\/2025\/03\/eZy-Watermark_02-03-2025_01-02-00-0620p.m.jpg\" alt=\"\" class=\"wp-image-584858\"\/><\/figure>\n\n\n\n<p>En este Bazar se ofrecen diversos productos para que la ciudadan\u00eda pueda adquirir desde comida, ropa, perfumer\u00eda, accesorios, cosm\u00e9ticos, joyer\u00eda, calzado, art\u00edculos para cocina, entre otros que se expendieron en los stands que fueron colocados.<\/p>\n\n\n\n<figure class=\"wp-block-image size-full\"><img decoding=\"async\" width=\"1600\" height=\"946\" src=\"https:\/\/www.zunoticia.com\/noticias-de-hidalgo\/wp-content\/uploads\/2025\/03\/eZy-Watermark_02-03-2025_01-01-36-7120p.m.jpg\" alt=\"\" class=\"wp-image-584856\"\/><\/figure>\n\n\n\n<p>Este Bazar es realizado en el marco de las actividades que el Gobierno Municipal ha organizado en conmemoraci\u00f3n del D\u00eda Internacional de la Mujer y tiene como finalidad activar la econom\u00eda de las mujeres emprendedoras de&nbsp;este&nbsp;municipio.<\/p>\n\n\n\n<figure class=\"wp-block-image size-full\"><img loading=\"lazy\" decoding=\"async\" width=\"1600\" height=\"1001\" src=\"https:\/\/www.zunoticia.com\/noticias-de-hidalgo\/wp-content\/uploads\/2025\/03\/eZy-Watermark_02-03-2025_01-00-35-1300p.m.-1.jpg\" alt=\"\" class=\"wp-image-584857\"\/><\/figure>\n\n\n\n<figure class=\"wp-block-image size-full\"><img loading=\"lazy\" decoding=\"async\" width=\"4160\" height=\"1883\" src=\"https:\/\/www.zunoticia.com\/noticias-de-hidalgo\/wp-content\/uploads\/2025\/03\/eZy-Watermark_02-03-2025_01-00-15-5310p.m.jpg\" alt=\"\" class=\"wp-image-584855\"\/><\/figure>\n\n\n\n<figure class=\"wp-block-image size-full\"><img loading=\"lazy\" decoding=\"async\" width=\"4032\" height=\"3024\" src=\"https:\/\/www.zunoticia.com\/noticias-de-hidalgo\/wp-content\/uploads\/2025\/03\/eZy-Watermark_02-03-2025_01-01-08-5090p.m.jpg\" alt=\"\" class=\"wp-image-584853\"\/><\/figure>\n\n\n\n<figure class=\"wp-block-image size-full\"><img loading=\"lazy\" decoding=\"async\" width=\"4032\" height=\"3024\" src=\"https:\/\/www.zunoticia.com\/noticias-de-hidalgo\/wp-content\/uploads\/2025\/03\/eZy-Watermark_02-03-2025_01-02-30-4190p.m.jpg\" alt=\"\" class=\"wp-image-584852\"\/><\/figure>\n","protected":false},"excerpt":{"rendered":"<p>Por Gabriela Hern\u00e1ndez\/Zunoticia Huejutla, Hgo.- La ma\u00f1ana de este domingo 02 de marzo, en la plaza 21 de Mayo de esta ciudad, se llev\u00f3 a cabo la inauguraci\u00f3n del &#8220;Bazar de mujeres emprendedoras&#8221; en el marco de las actividades en conmemoraci\u00f3n al D\u00eda Internacional de la Mujer. La presidenta del Sistema DIF municipal Huejutla, la&hellip; <a class=\"more-link\" href=\"https:\/\/www.zunoticia.com\/noticias-de-hidalgo\/2025\/03\/02\/realizan-bazar-de-mujeres-emprendedoras-conmemorativo-al-8-de-marzo\/\">Seguir leyendo <span class=\"screen-reader-text\">Realizan Bazar de mujeres emprendedoras conmemorativo al 8 de marzo<\/span><\/a><\/p>\n","protected":false},"author":12,"featured_media":584854,"comment_status":"open","ping_status":"open","sticky":false,"template":"","format":"standard","meta":{"rop_custom_images_group":[],"rop_custom_messages_group":[],"rop_publish_now":"initial","rop_publish_now_accounts":{"facebook_10159540855086992_322828327761733":""},"rop_publish_now_history":[],"rop_publish_now_status":"pending","footnotes":""},"categories":[181],"tags":[121],"class_list":["post-584867","post","type-post","status-publish","format-standard","has-post-thumbnail","hentry","category-huejutla","tag-huejutla","entry"],"_links":{"self":[{"href":"https:\/\/www.zunoticia.com\/noticias-de-hidalgo\/wp-json\/wp\/v2\/posts\/584867","targetHints":{"allow":["GET"]}}],"collection":[{"href":"https:\/\/www.zunoticia.com\/noticias-de-hidalgo\/wp-json\/wp\/v2\/posts"}],"about":[{"href":"https:\/\/www.zunoticia.com\/noticias-de-hidalgo\/wp-json\/wp\/v2\/types\/post"}],"author":[{"embeddable":true,"href":"https:\/\/www.zunoticia.com\/noticias-de-hidalgo\/wp-json\/wp\/v2\/users\/12"}],"replies":[{"embeddable":true,"href":"https:\/\/www.zunoticia.com\/noticias-de-hidalgo\/wp-json\/wp\/v2\/comments?post=584867"}],"version-history":[{"count":1,"href":"https:\/\/www.zunoticia.com\/noticias-de-hidalgo\/wp-json\/wp\/v2\/posts\/584867\/revisions"}],"predecessor-version":[{"id":584869,"href":"https:\/\/www.zunoticia.com\/noticias-de-hidalgo\/wp-json\/wp\/v2\/posts\/584867\/revisions\/584869"}],"wp:featuredmedia":[{"embeddable":true,"href":"https:\/\/www.zunoticia.com\/noticias-de-hidalgo\/wp-json\/wp\/v2\/media\/584854"}],"wp:attachment":[{"href":"https:\/\/www.zunoticia.com\/noticias-de-hidalgo\/wp-json\/wp\/v2\/media?parent=584867"}],"wp:term":[{"taxonomy":"category","embeddable":true,"href":"https:\/\/www.zunoticia.com\/noticias-de-hidalgo\/wp-json\/wp\/v2\/categories?post=584867"},{"taxonomy":"post_tag","embeddable":true,"href":"https:\/\/www.zunoticia.com\/noticias-de-hidalgo\/wp-json\/wp\/v2\/tags?post=584867"}],"curies":[{"name":"wp","href":"https:\/\/api.w.org\/{rel}","templated":true}]}}