{"id":584868,"date":"2025-03-02T15:44:00","date_gmt":"2025-03-02T21:44:00","guid":{"rendered":"https:\/\/www.zunoticia.com\/noticias-de-hidalgo\/?p=584868"},"modified":"2025-03-02T15:44:02","modified_gmt":"2025-03-02T21:44:02","slug":"alumnos-de-la-secundaria-2-plantaron-arboles-de-sombra-en-los-corrales-blancos","status":"publish","type":"post","link":"https:\/\/www.zunoticia.com\/noticias-de-hidalgo\/2025\/03\/02\/alumnos-de-la-secundaria-2-plantaron-arboles-de-sombra-en-los-corrales-blancos\/","title":{"rendered":"Alumnos de la Secundaria 2 plantaron \u00e1rboles de sombra en los Corrales Blancos"},"content":{"rendered":"<aside class=\"mashsb-container mashsb-main mashsb-stretched\"><div class=\"mashsb-box\"><div class=\"mashsb-count mash-large\" style=\"float:left\"><div class=\"counts mashsbcount\">0<\/div><span class=\"mashsb-sharetext\">SHARES<\/span><\/div><div class=\"mashsb-buttons\"><a class=\"mashicon-facebook mash-large mash-center mashsb-noshadow\" href=\"https:\/\/www.facebook.com\/sharer.php?u=https%3A%2F%2Fwww.zunoticia.com%2Fnoticias-de-hidalgo%2F2025%2F03%2F02%2Falumnos-de-la-secundaria-2-plantaron-arboles-de-sombra-en-los-corrales-blancos%2F\" target=\"_top\" rel=\"nofollow\"><span class=\"icon\"><\/span><span class=\"text\">Share<\/span><\/a><a class=\"mashicon-twitter mash-large mash-center mashsb-noshadow\" href=\"https:\/\/twitter.com\/intent\/tweet?text=&amp;url=https:\/\/www.zunoticia.com\/noticias-de-hidalgo\/2025\/03\/02\/alumnos-de-la-secundaria-2-plantaron-arboles-de-sombra-en-los-corrales-blancos\/\" target=\"_top\" rel=\"nofollow\"><span class=\"icon\"><\/span><span class=\"text\">Tweet<\/span><\/a><div class=\"onoffswitch2 mash-large mashsb-noshadow\" style=\"display:none\"><\/div><\/div>\n            <\/div>\n                <div style=\"clear:both\"><\/div><div class=\"mashsb-toggle-container\"><\/div><\/aside>\n            <!-- Share buttons by mashshare.net - Version: 4.0.47-->\n<p><em>Por Gabriela Hern\u00e1ndez\/Zunoticia<\/em><\/p>\n\n\n\n<p><strong>Huejutla, Hgo.-<\/strong> Alumnos y docentes de la escuela Secundaria General n\u00famero 2, de los diferentes campos formativos, se reunieron en las canchas deportivas&nbsp; &#8220;Corrales Blanco&#8221; de esta ciudad para llevar a cabo la plantaci\u00f3n de \u00e1rboles de sombra.<\/p>\n\n\n\n<figure class=\"wp-block-image size-full\"><img fetchpriority=\"high\" decoding=\"async\" width=\"1080\" height=\"610\" src=\"https:\/\/www.zunoticia.com\/noticias-de-hidalgo\/wp-content\/uploads\/2025\/03\/eZy-Watermark_02-03-2025_01-13-29-6240p.m.jpg\" alt=\"\" class=\"wp-image-584850\"\/><\/figure>\n\n\n\n<p>Con estas acciones se busca mitigar un poco las altas temperaturas que se registran en la comunidad y de esta forma contribuir por el planeta.<\/p>\n\n\n<div class=\"wp-block-image\">\n<figure class=\"aligncenter size-full\"><img decoding=\"async\" width=\"1080\" height=\"1314\" src=\"https:\/\/www.zunoticia.com\/noticias-de-hidalgo\/wp-content\/uploads\/2025\/03\/eZy-Watermark_02-03-2025_01-13-47-9830p.m.jpg\" alt=\"\" class=\"wp-image-584849\"\/><\/figure>\n<\/div>\n\n\n<p>La comunidad estudiantil invita a toda la ciudadan\u00eda a tomar conciencia por cuidar el medio ambiente, contribuyendo con su granito de arena para mitigar los da\u00f1os ocasionados a los ecosistemas.<\/p>\n\n\n<div class=\"wp-block-image\">\n<figure class=\"aligncenter size-full\"><img decoding=\"async\" width=\"1080\" height=\"1499\" src=\"https:\/\/www.zunoticia.com\/noticias-de-hidalgo\/wp-content\/uploads\/2025\/03\/eZy-Watermark_02-03-2025_01-14-02-9690p.m.jpg\" alt=\"\" class=\"wp-image-584848\"\/><\/figure>\n<\/div>\n\n\n<p>Las autoridades de la escuela tienen la iniciativa de realizar estas acciones que generan un bien com\u00fan, por su parte los estudiantes mostraron su entusiasmo al participar activamente en la plantaci\u00f3n de los \u00e1rboles, un gesto que refleja su inter\u00e9s por contribuir al cuidado&nbsp;del&nbsp;entorno.<\/p>\n","protected":false},"excerpt":{"rendered":"<p>Por Gabriela Hern\u00e1ndez\/Zunoticia Huejutla, Hgo.- Alumnos y docentes de la escuela Secundaria General n\u00famero 2, de los diferentes campos formativos, se reunieron en las canchas deportivas&nbsp; &#8220;Corrales Blanco&#8221; de esta ciudad para llevar a cabo la plantaci\u00f3n de \u00e1rboles de sombra. Con estas acciones se busca mitigar un poco las altas temperaturas que se registran&hellip; <a class=\"more-link\" href=\"https:\/\/www.zunoticia.com\/noticias-de-hidalgo\/2025\/03\/02\/alumnos-de-la-secundaria-2-plantaron-arboles-de-sombra-en-los-corrales-blancos\/\">Seguir leyendo <span class=\"screen-reader-text\">Alumnos de la Secundaria 2 plantaron \u00e1rboles de sombra en los Corrales Blancos<\/span><\/a><\/p>\n","protected":false},"author":12,"featured_media":584851,"comment_status":"open","ping_status":"open","sticky":false,"template":"","format":"standard","meta":{"rop_custom_images_group":[],"rop_custom_messages_group":[],"rop_publish_now":"initial","rop_publish_now_accounts":{"facebook_10159540855086992_322828327761733":""},"rop_publish_now_history":[],"rop_publish_now_status":"pending","footnotes":""},"categories":[181],"tags":[121],"class_list":["post-584868","post","type-post","status-publish","format-standard","has-post-thumbnail","hentry","category-huejutla","tag-huejutla","entry"],"_links":{"self":[{"href":"https:\/\/www.zunoticia.com\/noticias-de-hidalgo\/wp-json\/wp\/v2\/posts\/584868","targetHints":{"allow":["GET"]}}],"collection":[{"href":"https:\/\/www.zunoticia.com\/noticias-de-hidalgo\/wp-json\/wp\/v2\/posts"}],"about":[{"href":"https:\/\/www.zunoticia.com\/noticias-de-hidalgo\/wp-json\/wp\/v2\/types\/post"}],"author":[{"embeddable":true,"href":"https:\/\/www.zunoticia.com\/noticias-de-hidalgo\/wp-json\/wp\/v2\/users\/12"}],"replies":[{"embeddable":true,"href":"https:\/\/www.zunoticia.com\/noticias-de-hidalgo\/wp-json\/wp\/v2\/comments?post=584868"}],"version-history":[{"count":1,"href":"https:\/\/www.zunoticia.com\/noticias-de-hidalgo\/wp-json\/wp\/v2\/posts\/584868\/revisions"}],"predecessor-version":[{"id":584870,"href":"https:\/\/www.zunoticia.com\/noticias-de-hidalgo\/wp-json\/wp\/v2\/posts\/584868\/revisions\/584870"}],"wp:featuredmedia":[{"embeddable":true,"href":"https:\/\/www.zunoticia.com\/noticias-de-hidalgo\/wp-json\/wp\/v2\/media\/584851"}],"wp:attachment":[{"href":"https:\/\/www.zunoticia.com\/noticias-de-hidalgo\/wp-json\/wp\/v2\/media?parent=584868"}],"wp:term":[{"taxonomy":"category","embeddable":true,"href":"https:\/\/www.zunoticia.com\/noticias-de-hidalgo\/wp-json\/wp\/v2\/categories?post=584868"},{"taxonomy":"post_tag","embeddable":true,"href":"https:\/\/www.zunoticia.com\/noticias-de-hidalgo\/wp-json\/wp\/v2\/tags?post=584868"}],"curies":[{"name":"wp","href":"https:\/\/api.w.org\/{rel}","templated":true}]}}