{"id":584872,"date":"2025-03-02T16:07:43","date_gmt":"2025-03-02T22:07:43","guid":{"rendered":"https:\/\/www.zunoticia.com\/noticias-de-hidalgo\/?p=584872"},"modified":"2025-03-02T16:07:44","modified_gmt":"2025-03-02T22:07:44","slug":"del-agrado-popular-reflexion-en-pared-de-la-escuela-primaria-de-tlalchiyahualica","status":"publish","type":"post","link":"https:\/\/www.zunoticia.com\/noticias-de-hidalgo\/2025\/03\/02\/del-agrado-popular-reflexion-en-pared-de-la-escuela-primaria-de-tlalchiyahualica\/","title":{"rendered":"Del agrado popular reflexi\u00f3n en pared de la escuela primaria de Tlalchiyahualica"},"content":{"rendered":"<aside class=\"mashsb-container mashsb-main mashsb-stretched\"><div class=\"mashsb-box\"><div class=\"mashsb-count mash-large\" style=\"float:left\"><div class=\"counts mashsbcount\">0<\/div><span class=\"mashsb-sharetext\">SHARES<\/span><\/div><div class=\"mashsb-buttons\"><a class=\"mashicon-facebook mash-large mash-center mashsb-noshadow\" href=\"https:\/\/www.facebook.com\/sharer.php?u=https%3A%2F%2Fwww.zunoticia.com%2Fnoticias-de-hidalgo%2F2025%2F03%2F02%2Fdel-agrado-popular-reflexion-en-pared-de-la-escuela-primaria-de-tlalchiyahualica%2F\" target=\"_top\" rel=\"nofollow\"><span class=\"icon\"><\/span><span class=\"text\">Share<\/span><\/a><a class=\"mashicon-twitter mash-large mash-center mashsb-noshadow\" href=\"https:\/\/twitter.com\/intent\/tweet?text=&amp;url=https:\/\/www.zunoticia.com\/noticias-de-hidalgo\/2025\/03\/02\/del-agrado-popular-reflexion-en-pared-de-la-escuela-primaria-de-tlalchiyahualica\/\" target=\"_top\" rel=\"nofollow\"><span class=\"icon\"><\/span><span class=\"text\">Tweet<\/span><\/a><div class=\"onoffswitch2 mash-large mashsb-noshadow\" style=\"display:none\"><\/div><\/div>\n            <\/div>\n                <div style=\"clear:both\"><\/div><div class=\"mashsb-toggle-container\"><\/div><\/aside>\n            <!-- Share buttons by mashshare.net - Version: 4.0.47-->\n<p><em>Por Salvador Altamirano\/Zunoticia<\/em><\/p>\n\n\n\n<p><strong>Yahualica, Hgo.-<\/strong> Seg\u00fan referencias, se considera reflexi\u00f3n a una advertencia, comentario o consejo que pretende influir en alguien, en s\u00ed, que permite evaluar actitudes y motivaciones.<\/p>\n\n\n\n<p>Quien responde al nombre de Juan Mart\u00ednez Bautista, refiri\u00f3 que, hay reflexiones cl\u00e1sicas y emotivas que hacen mella, como la de Jos\u00e9 Saramago, la cual expresa: &#8220;Sin memoria no existimos; sin responsabilidad, quiz\u00e1 no merezcamos existir&#8221; y as\u00ed hay much\u00edsimas, dijo, que nos invitan a reflexionar sobre nuestra conducta.<\/p>\n\n\n\n<p>Subray\u00f3 que, a prop\u00f3sito de responsabilidad, abordando el caso de guiar a nuestros hijos, es muy acertada la reflexi\u00f3n que se encuentra plasmada en una pared de la escuela primaria de Tlalchiyahualica, que consiste en: &#8220;Un padre le dijo a su hijo: Ten cuidado por donde caminas, y el hijo le respondi\u00f3: Ten cuidado t\u00fa, recuerda que yo sigo tus pasos&#8221;.<\/p>\n\n\n\n<p>Explic\u00f3 que, efectivamente, los hijos suelen seguir los pasos de los padres, sus conductas, por lo que es sumamente importante que los padres den buenos ejemplos a los hijos.<\/p>\n\n\n\n<p>Para finalizar, coment\u00f3 que los hijos son el reflejo de sus padres, ya que los ni\u00f1os aprenden imitando sus acciones, por lo que la reflexi\u00f3n o moraleja plasmada en la pared fue acertada y bien pensada.<\/p>\n","protected":false},"excerpt":{"rendered":"<p>Por Salvador Altamirano\/Zunoticia Yahualica, Hgo.- Seg\u00fan referencias, se considera reflexi\u00f3n a una advertencia, comentario o consejo que pretende influir en alguien, en s\u00ed, que permite evaluar actitudes y motivaciones. Quien responde al nombre de Juan Mart\u00ednez Bautista, refiri\u00f3 que, hay reflexiones cl\u00e1sicas y emotivas que hacen mella, como la de Jos\u00e9 Saramago, la cual expresa:&hellip; <a class=\"more-link\" href=\"https:\/\/www.zunoticia.com\/noticias-de-hidalgo\/2025\/03\/02\/del-agrado-popular-reflexion-en-pared-de-la-escuela-primaria-de-tlalchiyahualica\/\">Seguir leyendo <span class=\"screen-reader-text\">Del agrado popular reflexi\u00f3n en pared de la escuela primaria de Tlalchiyahualica<\/span><\/a><\/p>\n","protected":false},"author":12,"featured_media":584875,"comment_status":"open","ping_status":"open","sticky":false,"template":"","format":"standard","meta":{"rop_custom_images_group":[],"rop_custom_messages_group":[],"rop_publish_now":"initial","rop_publish_now_accounts":{"facebook_10159540855086992_322828327761733":""},"rop_publish_now_history":[],"rop_publish_now_status":"pending","footnotes":""},"categories":[179,203],"tags":[123],"class_list":["post-584872","post","type-post","status-publish","format-standard","has-post-thumbnail","hentry","category-huasteca","category-yahualica","tag-yahualica","entry"],"_links":{"self":[{"href":"https:\/\/www.zunoticia.com\/noticias-de-hidalgo\/wp-json\/wp\/v2\/posts\/584872","targetHints":{"allow":["GET"]}}],"collection":[{"href":"https:\/\/www.zunoticia.com\/noticias-de-hidalgo\/wp-json\/wp\/v2\/posts"}],"about":[{"href":"https:\/\/www.zunoticia.com\/noticias-de-hidalgo\/wp-json\/wp\/v2\/types\/post"}],"author":[{"embeddable":true,"href":"https:\/\/www.zunoticia.com\/noticias-de-hidalgo\/wp-json\/wp\/v2\/users\/12"}],"replies":[{"embeddable":true,"href":"https:\/\/www.zunoticia.com\/noticias-de-hidalgo\/wp-json\/wp\/v2\/comments?post=584872"}],"version-history":[{"count":1,"href":"https:\/\/www.zunoticia.com\/noticias-de-hidalgo\/wp-json\/wp\/v2\/posts\/584872\/revisions"}],"predecessor-version":[{"id":584881,"href":"https:\/\/www.zunoticia.com\/noticias-de-hidalgo\/wp-json\/wp\/v2\/posts\/584872\/revisions\/584881"}],"wp:featuredmedia":[{"embeddable":true,"href":"https:\/\/www.zunoticia.com\/noticias-de-hidalgo\/wp-json\/wp\/v2\/media\/584875"}],"wp:attachment":[{"href":"https:\/\/www.zunoticia.com\/noticias-de-hidalgo\/wp-json\/wp\/v2\/media?parent=584872"}],"wp:term":[{"taxonomy":"category","embeddable":true,"href":"https:\/\/www.zunoticia.com\/noticias-de-hidalgo\/wp-json\/wp\/v2\/categories?post=584872"},{"taxonomy":"post_tag","embeddable":true,"href":"https:\/\/www.zunoticia.com\/noticias-de-hidalgo\/wp-json\/wp\/v2\/tags?post=584872"}],"curies":[{"name":"wp","href":"https:\/\/api.w.org\/{rel}","templated":true}]}}