{"id":584921,"date":"2025-03-02T19:04:13","date_gmt":"2025-03-03T01:04:13","guid":{"rendered":"https:\/\/www.zunoticia.com\/noticias-de-hidalgo\/?p=584921"},"modified":"2025-03-02T19:04:15","modified_gmt":"2025-03-03T01:04:15","slug":"los-casos-de-violencia-deben-ser-denunciados-kristel-rodriguez","status":"publish","type":"post","link":"https:\/\/www.zunoticia.com\/noticias-de-hidalgo\/2025\/03\/02\/los-casos-de-violencia-deben-ser-denunciados-kristel-rodriguez\/","title":{"rendered":"Los casos de violencia deben ser denunciados: Kristel Rodr\u00edguez"},"content":{"rendered":"<aside class=\"mashsb-container mashsb-main mashsb-stretched\"><div class=\"mashsb-box\"><div class=\"mashsb-count mash-large\" style=\"float:left\"><div class=\"counts mashsbcount\">0<\/div><span class=\"mashsb-sharetext\">SHARES<\/span><\/div><div class=\"mashsb-buttons\"><a class=\"mashicon-facebook mash-large mash-center mashsb-noshadow\" href=\"https:\/\/www.facebook.com\/sharer.php?u=https%3A%2F%2Fwww.zunoticia.com%2Fnoticias-de-hidalgo%2F2025%2F03%2F02%2Flos-casos-de-violencia-deben-ser-denunciados-kristel-rodriguez%2F\" target=\"_top\" rel=\"nofollow\"><span class=\"icon\"><\/span><span class=\"text\">Share<\/span><\/a><a class=\"mashicon-twitter mash-large mash-center mashsb-noshadow\" href=\"https:\/\/twitter.com\/intent\/tweet?text=&amp;url=https:\/\/www.zunoticia.com\/noticias-de-hidalgo\/2025\/03\/02\/los-casos-de-violencia-deben-ser-denunciados-kristel-rodriguez\/\" target=\"_top\" rel=\"nofollow\"><span class=\"icon\"><\/span><span class=\"text\">Tweet<\/span><\/a><div class=\"onoffswitch2 mash-large mashsb-noshadow\" style=\"display:none\"><\/div><\/div>\n            <\/div>\n                <div style=\"clear:both\"><\/div><div class=\"mashsb-toggle-container\"><\/div><\/aside>\n            <!-- Share buttons by mashshare.net - Version: 4.0.47-->\n<ul class=\"wp-block-list\">\n<li>Los casos de acoso, maltrato f\u00edsico y psicol\u00f3gico, econ\u00f3mico y emocional deben ser denunciados ante las instancias correspondientes.<\/li>\n<\/ul>\n\n\n\n<p><em>Por Gabriela Hern\u00e1ndez\/Zunoticia<\/em><\/p>\n\n\n\n<p><strong>Huejutla, Hgo.-<\/strong> Cada 8 de marzo, D\u00eda Internacional de la Mujer, es necesario recordar la importancia de reconocer la historia de los derechos pol\u00edticos, sociales y econ\u00f3micos de las mujeres y ni\u00f1as que siguen luchando por un mundo igualitario, libre de violencia y discriminaci\u00f3n.<\/p>\n\n\n\n<p>El H. ayuntamiento de Huejutla, que preside el edil municipal el Lic. Alfredo San Rom\u00e1n y la Dra. Kristel Rodr\u00edguez, Presidenta del DIF Municipal, as\u00ed como las Regidoras Presidentas de las Comisiones de la Asamblea Municipal como parte de una semana especial en conmemoraci\u00f3n del D\u00eda Internacional de la Mujer, Bajo el lema &#8220;Mujeres construyendo, transformando con igualdad&#8221;, han preparado actividades para el bienestar, crecimiento y empoderamiento de las mujeres huejutlenses.<\/p>\n\n\n\n<p>Al respecto la presidenta del DIF municipal env\u00edo un mensaje a todas las mujeres, principalmente a las que pertenecen a la demarcaci\u00f3n, claro y preciso, en el que subray\u00f3 que tienen todo el respaldo de las instancias gubernamentales, en caso de recibir alg\u00fan tipo de violencia sexual, psicol\u00f3gica, emocional y econ\u00f3mica u otro tipo, el sistema DIF municipal, as\u00ed como la Instancia de la Mujer abren sus puertas con asesor\u00edas psicol\u00f3gicas, jur\u00eddicas y todo tipo de ayuda, as\u00ed como el acompa\u00f1amiento que necesiten para todas las mujeres huejutlenses.<\/p>\n\n\n\n<p>&#8220;Es un llamado a la acci\u00f3n, una invitaci\u00f3n a construir un futuro distinto, en donde las mujeres puedan vivir sin miedo, en donde las ni\u00f1as puedan crecer con grandes sue\u00f1os y en donde la violencia no tenga lugar en nuestras comunidades, en las familias, ni en nuestras vidas&#8221; expres\u00f3.<\/p>\n\n\n\n<p>Dijo que el DIF municipal de Huejutla se trabaja cada d\u00eda para brindar apoyo integral a quienes lo necesiten, para generar espacios seguros y para romper los ciclos de violencia, reafirm\u00f3 su compromiso con las mujeres dici\u00e9ndoles que no est\u00e1n solas, que cuentan con el DIF municipal para acompa\u00f1arlas, para fortalecerlas y para caminar hacia una vida libre y&nbsp;sin&nbsp;violencia.<\/p>\n","protected":false},"excerpt":{"rendered":"<p>Por Gabriela Hern\u00e1ndez\/Zunoticia Huejutla, Hgo.- Cada 8 de marzo, D\u00eda Internacional de la Mujer, es necesario recordar la importancia de reconocer la historia de los derechos pol\u00edticos, sociales y econ\u00f3micos de las mujeres y ni\u00f1as que siguen luchando por un mundo igualitario, libre de violencia y discriminaci\u00f3n. El H. ayuntamiento de Huejutla, que preside el&hellip; <a class=\"more-link\" href=\"https:\/\/www.zunoticia.com\/noticias-de-hidalgo\/2025\/03\/02\/los-casos-de-violencia-deben-ser-denunciados-kristel-rodriguez\/\">Seguir leyendo <span class=\"screen-reader-text\">Los casos de violencia deben ser denunciados: Kristel Rodr\u00edguez<\/span><\/a><\/p>\n","protected":false},"author":12,"featured_media":584922,"comment_status":"open","ping_status":"open","sticky":false,"template":"","format":"standard","meta":{"rop_custom_images_group":[],"rop_custom_messages_group":[],"rop_publish_now":"initial","rop_publish_now_accounts":{"facebook_10159540855086992_322828327761733":""},"rop_publish_now_history":[],"rop_publish_now_status":"pending","footnotes":""},"categories":[181],"tags":[121],"class_list":["post-584921","post","type-post","status-publish","format-standard","has-post-thumbnail","hentry","category-huejutla","tag-huejutla","entry"],"_links":{"self":[{"href":"https:\/\/www.zunoticia.com\/noticias-de-hidalgo\/wp-json\/wp\/v2\/posts\/584921","targetHints":{"allow":["GET"]}}],"collection":[{"href":"https:\/\/www.zunoticia.com\/noticias-de-hidalgo\/wp-json\/wp\/v2\/posts"}],"about":[{"href":"https:\/\/www.zunoticia.com\/noticias-de-hidalgo\/wp-json\/wp\/v2\/types\/post"}],"author":[{"embeddable":true,"href":"https:\/\/www.zunoticia.com\/noticias-de-hidalgo\/wp-json\/wp\/v2\/users\/12"}],"replies":[{"embeddable":true,"href":"https:\/\/www.zunoticia.com\/noticias-de-hidalgo\/wp-json\/wp\/v2\/comments?post=584921"}],"version-history":[{"count":1,"href":"https:\/\/www.zunoticia.com\/noticias-de-hidalgo\/wp-json\/wp\/v2\/posts\/584921\/revisions"}],"predecessor-version":[{"id":584923,"href":"https:\/\/www.zunoticia.com\/noticias-de-hidalgo\/wp-json\/wp\/v2\/posts\/584921\/revisions\/584923"}],"wp:featuredmedia":[{"embeddable":true,"href":"https:\/\/www.zunoticia.com\/noticias-de-hidalgo\/wp-json\/wp\/v2\/media\/584922"}],"wp:attachment":[{"href":"https:\/\/www.zunoticia.com\/noticias-de-hidalgo\/wp-json\/wp\/v2\/media?parent=584921"}],"wp:term":[{"taxonomy":"category","embeddable":true,"href":"https:\/\/www.zunoticia.com\/noticias-de-hidalgo\/wp-json\/wp\/v2\/categories?post=584921"},{"taxonomy":"post_tag","embeddable":true,"href":"https:\/\/www.zunoticia.com\/noticias-de-hidalgo\/wp-json\/wp\/v2\/tags?post=584921"}],"curies":[{"name":"wp","href":"https:\/\/api.w.org\/{rel}","templated":true}]}}