{"id":586041,"date":"2025-03-13T12:02:36","date_gmt":"2025-03-13T18:02:36","guid":{"rendered":"https:\/\/www.zunoticia.com\/noticias-de-hidalgo\/?p=586041"},"modified":"2025-03-13T12:02:39","modified_gmt":"2025-03-13T18:02:39","slug":"totata-jesus-a-pahuatlan","status":"publish","type":"post","link":"https:\/\/www.zunoticia.com\/noticias-de-hidalgo\/2025\/03\/13\/totata-jesus-a-pahuatlan\/","title":{"rendered":"Totata Jes\u00fas a Pahuatl\u00e1n"},"content":{"rendered":"<aside class=\"mashsb-container mashsb-main mashsb-stretched\"><div class=\"mashsb-box\"><div class=\"mashsb-count mash-large\" style=\"float:left\"><div class=\"counts mashsbcount\">0<\/div><span class=\"mashsb-sharetext\">SHARES<\/span><\/div><div class=\"mashsb-buttons\"><a class=\"mashicon-facebook mash-large mash-center mashsb-noshadow\" href=\"https:\/\/www.facebook.com\/sharer.php?u=https%3A%2F%2Fwww.zunoticia.com%2Fnoticias-de-hidalgo%2F2025%2F03%2F13%2Ftotata-jesus-a-pahuatlan%2F\" target=\"_top\" rel=\"nofollow\"><span class=\"icon\"><\/span><span class=\"text\">Share<\/span><\/a><a class=\"mashicon-twitter mash-large mash-center mashsb-noshadow\" href=\"https:\/\/twitter.com\/intent\/tweet?text=&amp;url=https:\/\/www.zunoticia.com\/noticias-de-hidalgo\/2025\/03\/13\/totata-jesus-a-pahuatlan\/\" target=\"_top\" rel=\"nofollow\"><span class=\"icon\"><\/span><span class=\"text\">Tweet<\/span><\/a><div class=\"onoffswitch2 mash-large mashsb-noshadow\" style=\"display:none\"><\/div><\/div>\n            <\/div>\n                <div style=\"clear:both\"><\/div><div class=\"mashsb-toggle-container\"><\/div><\/aside>\n            <!-- Share buttons by mashshare.net - Version: 4.0.47-->\n<p><em>Por Enedino Hern\u00e1ndez Alonso\/Zunoticia<\/em><\/p>\n\n\n\n<p><strong>Huejutla, Hgo<\/strong>.- Fieles cat\u00f3licos de la poblaci\u00f3n de Pahuatl\u00e1n se llevaron en procesi\u00f3n a Totata Jes\u00fas, a su comunidad para una velaci\u00f3n.<\/p>\n\n\n\n<p>Acompa\u00f1ados de bandas de viento y de un grupo de danzantes, la ma\u00f1ana de este jueves iniciaron su procesi\u00f3n desde la parroquia del Sagrario Catedral en Huejutla de Reyes.<\/p>\n\n\n\n<p>Previamente, la Danza Guadalupe de Cuaxocotitla bailaron en el atrio de la Catedral, as\u00ed como las bandas de viento tocaron algunas canciones. Asimismo, se confirma que ser\u00e1n los d\u00edas jueves y viernes cuando se llevar\u00e1 a cabo la velaci\u00f3n a Totata Jes\u00fas.<\/p>\n\n\n\n<p>La bendici\u00f3n correspondiente al contingente de fieles cat\u00f3licos estuvo a cargo del Sacerdote Favio Cadena.<\/p>\n\n\n\n<figure class=\"wp-block-image size-full\"><img fetchpriority=\"high\" decoding=\"async\" width=\"933\" height=\"524\" src=\"https:\/\/www.zunoticia.com\/noticias-de-hidalgo\/wp-content\/uploads\/2025\/03\/Zunoticia-Huejutla-1-93.png\" alt=\"\" class=\"wp-image-586043\"\/><\/figure>\n","protected":false},"excerpt":{"rendered":"<p>Por Enedino Hern\u00e1ndez Alonso\/Zunoticia Huejutla, Hgo.- Fieles cat\u00f3licos de la poblaci\u00f3n de Pahuatl\u00e1n se llevaron en procesi\u00f3n a Totata Jes\u00fas, a su comunidad para una velaci\u00f3n. Acompa\u00f1ados de bandas de viento y de un grupo de danzantes, la ma\u00f1ana de este jueves iniciaron su procesi\u00f3n desde la parroquia del Sagrario Catedral en Huejutla de Reyes.&hellip; <a class=\"more-link\" href=\"https:\/\/www.zunoticia.com\/noticias-de-hidalgo\/2025\/03\/13\/totata-jesus-a-pahuatlan\/\">Seguir leyendo <span class=\"screen-reader-text\">Totata Jes\u00fas a Pahuatl\u00e1n<\/span><\/a><\/p>\n","protected":false},"author":20,"featured_media":586042,"comment_status":"open","ping_status":"open","sticky":false,"template":"","format":"standard","meta":{"rop_custom_images_group":[],"rop_custom_messages_group":[],"rop_publish_now":"initial","rop_publish_now_accounts":{"facebook_10159540855086992_322828327761733":""},"rop_publish_now_history":[],"rop_publish_now_status":"pending","footnotes":""},"categories":[181],"tags":[121],"class_list":["post-586041","post","type-post","status-publish","format-standard","has-post-thumbnail","hentry","category-huejutla","tag-huejutla","entry"],"_links":{"self":[{"href":"https:\/\/www.zunoticia.com\/noticias-de-hidalgo\/wp-json\/wp\/v2\/posts\/586041","targetHints":{"allow":["GET"]}}],"collection":[{"href":"https:\/\/www.zunoticia.com\/noticias-de-hidalgo\/wp-json\/wp\/v2\/posts"}],"about":[{"href":"https:\/\/www.zunoticia.com\/noticias-de-hidalgo\/wp-json\/wp\/v2\/types\/post"}],"author":[{"embeddable":true,"href":"https:\/\/www.zunoticia.com\/noticias-de-hidalgo\/wp-json\/wp\/v2\/users\/20"}],"replies":[{"embeddable":true,"href":"https:\/\/www.zunoticia.com\/noticias-de-hidalgo\/wp-json\/wp\/v2\/comments?post=586041"}],"version-history":[{"count":1,"href":"https:\/\/www.zunoticia.com\/noticias-de-hidalgo\/wp-json\/wp\/v2\/posts\/586041\/revisions"}],"predecessor-version":[{"id":586044,"href":"https:\/\/www.zunoticia.com\/noticias-de-hidalgo\/wp-json\/wp\/v2\/posts\/586041\/revisions\/586044"}],"wp:featuredmedia":[{"embeddable":true,"href":"https:\/\/www.zunoticia.com\/noticias-de-hidalgo\/wp-json\/wp\/v2\/media\/586042"}],"wp:attachment":[{"href":"https:\/\/www.zunoticia.com\/noticias-de-hidalgo\/wp-json\/wp\/v2\/media?parent=586041"}],"wp:term":[{"taxonomy":"category","embeddable":true,"href":"https:\/\/www.zunoticia.com\/noticias-de-hidalgo\/wp-json\/wp\/v2\/categories?post=586041"},{"taxonomy":"post_tag","embeddable":true,"href":"https:\/\/www.zunoticia.com\/noticias-de-hidalgo\/wp-json\/wp\/v2\/tags?post=586041"}],"curies":[{"name":"wp","href":"https:\/\/api.w.org\/{rel}","templated":true}]}}