{"id":586048,"date":"2025-03-13T13:16:14","date_gmt":"2025-03-13T19:16:14","guid":{"rendered":"https:\/\/www.zunoticia.com\/noticias-de-hidalgo\/?p=586048"},"modified":"2025-03-13T13:16:16","modified_gmt":"2025-03-13T19:16:16","slug":"celebran-ix-aniv-de-la-ordenacion-del-obispo-de-la-diocesis-de-huejutla","status":"publish","type":"post","link":"https:\/\/www.zunoticia.com\/noticias-de-hidalgo\/2025\/03\/13\/celebran-ix-aniv-de-la-ordenacion-del-obispo-de-la-diocesis-de-huejutla\/","title":{"rendered":"Celebran IX aniv. de la ordenaci\u00f3n del Obispo de la Di\u00f3cesis de Huejutla"},"content":{"rendered":"<aside class=\"mashsb-container mashsb-main mashsb-stretched\"><div class=\"mashsb-box\"><div class=\"mashsb-count mash-large\" style=\"float:left\"><div class=\"counts mashsbcount\">0<\/div><span class=\"mashsb-sharetext\">SHARES<\/span><\/div><div class=\"mashsb-buttons\"><a class=\"mashicon-facebook mash-large mash-center mashsb-noshadow\" href=\"https:\/\/www.facebook.com\/sharer.php?u=https%3A%2F%2Fwww.zunoticia.com%2Fnoticias-de-hidalgo%2F2025%2F03%2F13%2Fcelebran-ix-aniv-de-la-ordenacion-del-obispo-de-la-diocesis-de-huejutla%2F\" target=\"_top\" rel=\"nofollow\"><span class=\"icon\"><\/span><span class=\"text\">Share<\/span><\/a><a class=\"mashicon-twitter mash-large mash-center mashsb-noshadow\" href=\"https:\/\/twitter.com\/intent\/tweet?text=&amp;url=https:\/\/www.zunoticia.com\/noticias-de-hidalgo\/2025\/03\/13\/celebran-ix-aniv-de-la-ordenacion-del-obispo-de-la-diocesis-de-huejutla\/\" target=\"_top\" rel=\"nofollow\"><span class=\"icon\"><\/span><span class=\"text\">Tweet<\/span><\/a><div class=\"onoffswitch2 mash-large mashsb-noshadow\" style=\"display:none\"><\/div><\/div>\n            <\/div>\n                <div style=\"clear:both\"><\/div><div class=\"mashsb-toggle-container\"><\/div><\/aside>\n            <!-- Share buttons by mashshare.net - Version: 4.0.47-->\n<p><em>Por Enedino Hern\u00e1ndez Alonso\/Zunoticia<\/em><\/p>\n\n\n\n<p><strong>Huejutla, Hgo. &#8211;<\/strong> Fieles cat\u00f3licos de la Di\u00f3cesis de Huejutla de Reyes participaron en una concelebraci\u00f3n eucar\u00edstica en la Catedral Cristo Rey de Huejutla, con motivo del IX aniversario de la ordenaci\u00f3n del Obispo de Huejutla, Jos\u00e9 Hir\u00e1is Acosta.<\/p>\n\n\n\n<p>La concelebraci\u00f3n eucar\u00edstica se llev\u00f3 a cabo al mediod\u00eda de este jueves 13 de marzo, en la parroquia del Sagrario Catedral ante la presencia de Sacerdotes y fieles cat\u00f3licos de las diversas parroquias de la Di\u00f3cesis de Huejutla.<\/p>\n\n\n\n<p>Jos\u00e9 Hir\u00e1is Acosta Beltr\u00e1n, dijo que, ya son 9 a\u00f1os de experimentar la bendici\u00f3n de Dios a trav\u00e9s de esta vocaci\u00f3n de servicio, y esta es una gran oportunidad para agradecer al Se\u00f1or su presencia y por la bendici\u00f3n de todos los hermanos de la fe.<\/p>\n\n\n\n<p>Reconoci\u00f3 que, un Obispo no ejerce el ministerio s\u00f3lo, siempre se hace en comuni\u00f3n con toda la Di\u00f3cesis, a la cual ha sido destinado, por lo que se agradece este ministerio que es en bien de la Di\u00f3cesis de Huejutla.<\/p>\n\n\n\n<p>Jos\u00e9 Hir\u00e1is Acosta Beltr\u00e1n, asegur\u00f3 que, a 9 a\u00f1os de su episcopado al momento se est\u00e1 cumpliendo puntualmente con el proceso de evangelizaci\u00f3n en cada una de las parroquias de la Di\u00f3cesis de Huejutla.<\/p>\n\n\n\n<figure class=\"wp-block-gallery has-nested-images columns-default is-cropped wp-block-gallery-1 is-layout-flex wp-block-gallery-is-layout-flex\">\n<figure class=\"wp-block-image size-large\"><img fetchpriority=\"high\" decoding=\"async\" width=\"933\" height=\"524\" data-id=\"586050\" src=\"https:\/\/www.zunoticia.com\/noticias-de-hidalgo\/wp-content\/uploads\/2025\/03\/Zunoticia-Huejutla-3-5.png\" alt=\"\" class=\"wp-image-586050\"\/><\/figure>\n\n\n\n<figure class=\"wp-block-image size-large\"><img decoding=\"async\" width=\"933\" height=\"524\" data-id=\"586051\" src=\"https:\/\/www.zunoticia.com\/noticias-de-hidalgo\/wp-content\/uploads\/2025\/03\/Zunoticia-Huejutla-2-39.png\" alt=\"\" class=\"wp-image-586051\"\/><\/figure>\n<\/figure>\n","protected":false},"excerpt":{"rendered":"<p>Por Enedino Hern\u00e1ndez Alonso\/Zunoticia Huejutla, Hgo. &#8211; Fieles cat\u00f3licos de la Di\u00f3cesis de Huejutla de Reyes participaron en una concelebraci\u00f3n eucar\u00edstica en la Catedral Cristo Rey de Huejutla, con motivo del IX aniversario de la ordenaci\u00f3n del Obispo de Huejutla, Jos\u00e9 Hir\u00e1is Acosta. La concelebraci\u00f3n eucar\u00edstica se llev\u00f3 a cabo al mediod\u00eda de este jueves&hellip; <a class=\"more-link\" href=\"https:\/\/www.zunoticia.com\/noticias-de-hidalgo\/2025\/03\/13\/celebran-ix-aniv-de-la-ordenacion-del-obispo-de-la-diocesis-de-huejutla\/\">Seguir leyendo <span class=\"screen-reader-text\">Celebran IX aniv. de la ordenaci\u00f3n del Obispo de la Di\u00f3cesis de Huejutla<\/span><\/a><\/p>\n","protected":false},"author":20,"featured_media":586049,"comment_status":"open","ping_status":"open","sticky":false,"template":"","format":"standard","meta":{"rop_custom_images_group":[],"rop_custom_messages_group":[],"rop_publish_now":"initial","rop_publish_now_accounts":{"facebook_10159540855086992_322828327761733":""},"rop_publish_now_history":[],"rop_publish_now_status":"pending","footnotes":""},"categories":[181],"tags":[121],"class_list":["post-586048","post","type-post","status-publish","format-standard","has-post-thumbnail","hentry","category-huejutla","tag-huejutla","entry"],"_links":{"self":[{"href":"https:\/\/www.zunoticia.com\/noticias-de-hidalgo\/wp-json\/wp\/v2\/posts\/586048","targetHints":{"allow":["GET"]}}],"collection":[{"href":"https:\/\/www.zunoticia.com\/noticias-de-hidalgo\/wp-json\/wp\/v2\/posts"}],"about":[{"href":"https:\/\/www.zunoticia.com\/noticias-de-hidalgo\/wp-json\/wp\/v2\/types\/post"}],"author":[{"embeddable":true,"href":"https:\/\/www.zunoticia.com\/noticias-de-hidalgo\/wp-json\/wp\/v2\/users\/20"}],"replies":[{"embeddable":true,"href":"https:\/\/www.zunoticia.com\/noticias-de-hidalgo\/wp-json\/wp\/v2\/comments?post=586048"}],"version-history":[{"count":1,"href":"https:\/\/www.zunoticia.com\/noticias-de-hidalgo\/wp-json\/wp\/v2\/posts\/586048\/revisions"}],"predecessor-version":[{"id":586052,"href":"https:\/\/www.zunoticia.com\/noticias-de-hidalgo\/wp-json\/wp\/v2\/posts\/586048\/revisions\/586052"}],"wp:featuredmedia":[{"embeddable":true,"href":"https:\/\/www.zunoticia.com\/noticias-de-hidalgo\/wp-json\/wp\/v2\/media\/586049"}],"wp:attachment":[{"href":"https:\/\/www.zunoticia.com\/noticias-de-hidalgo\/wp-json\/wp\/v2\/media?parent=586048"}],"wp:term":[{"taxonomy":"category","embeddable":true,"href":"https:\/\/www.zunoticia.com\/noticias-de-hidalgo\/wp-json\/wp\/v2\/categories?post=586048"},{"taxonomy":"post_tag","embeddable":true,"href":"https:\/\/www.zunoticia.com\/noticias-de-hidalgo\/wp-json\/wp\/v2\/tags?post=586048"}],"curies":[{"name":"wp","href":"https:\/\/api.w.org\/{rel}","templated":true}]}}