{"id":586053,"date":"2025-03-13T14:35:14","date_gmt":"2025-03-13T20:35:14","guid":{"rendered":"https:\/\/www.zunoticia.com\/noticias-de-hidalgo\/?p=586053"},"modified":"2025-03-13T14:35:16","modified_gmt":"2025-03-13T20:35:16","slug":"huejutla-si-requiere-una-extension-de-mercado-municipal-geronimo-sanchez","status":"publish","type":"post","link":"https:\/\/www.zunoticia.com\/noticias-de-hidalgo\/2025\/03\/13\/huejutla-si-requiere-una-extension-de-mercado-municipal-geronimo-sanchez\/","title":{"rendered":"Huejutla s\u00ed requiere una extensi\u00f3n de mercado municipal: Ger\u00f3nimo S\u00e1nchez"},"content":{"rendered":"<aside class=\"mashsb-container mashsb-main mashsb-stretched\"><div class=\"mashsb-box\"><div class=\"mashsb-count mash-large\" style=\"float:left\"><div class=\"counts mashsbcount\">0<\/div><span class=\"mashsb-sharetext\">SHARES<\/span><\/div><div class=\"mashsb-buttons\"><a class=\"mashicon-facebook mash-large mash-center mashsb-noshadow\" href=\"https:\/\/www.facebook.com\/sharer.php?u=https%3A%2F%2Fwww.zunoticia.com%2Fnoticias-de-hidalgo%2F2025%2F03%2F13%2Fhuejutla-si-requiere-una-extension-de-mercado-municipal-geronimo-sanchez%2F\" target=\"_top\" rel=\"nofollow\"><span class=\"icon\"><\/span><span class=\"text\">Share<\/span><\/a><a class=\"mashicon-twitter mash-large mash-center mashsb-noshadow\" href=\"https:\/\/twitter.com\/intent\/tweet?text=&amp;url=https:\/\/www.zunoticia.com\/noticias-de-hidalgo\/2025\/03\/13\/huejutla-si-requiere-una-extension-de-mercado-municipal-geronimo-sanchez\/\" target=\"_top\" rel=\"nofollow\"><span class=\"icon\"><\/span><span class=\"text\">Tweet<\/span><\/a><div class=\"onoffswitch2 mash-large mashsb-noshadow\" style=\"display:none\"><\/div><\/div>\n            <\/div>\n                <div style=\"clear:both\"><\/div><div class=\"mashsb-toggle-container\"><\/div><\/aside>\n            <!-- Share buttons by mashshare.net - Version: 4.0.47-->\n<p><em>Por Salvador Altamirano\/Zunoticia<\/em><\/p>\n\n\n\n<p><strong>Huejutla, Hgo.-<\/strong> Reafirmando&nbsp; lo que refieren ciudadanos, en especial amas de casa, que la poblaci\u00f3n necesita una extensi\u00f3n de mercado municipal, Ger\u00f3nimo S\u00e1nchez Hern\u00e1ndez, locatario de venta de productos derivados de la parafina, asegur\u00f3 que efectivamente as\u00ed es.<\/p>\n\n\n\n<p>Agreg\u00f3 que, es necesario debido a que el mercado municipal ya est\u00e1 saturado de comerciantes, por eso algunos vendedores se ubican en banquetas o en puestos semifijos, que ya son fijos, en las calles, ya que tienen necesidad de trabajar; por lo que Huejutla requiere otro mercado municipal paralelo, como los hay en otras ciudades, generalmente establecidos en colonias populares, con sectores poblacionales aleda\u00f1os.<\/p>\n\n\n\n<p>A pregunta expresa, opin\u00f3 que, una opci\u00f3n ser\u00eda en la colonia Aviaci\u00f3n Civil, para donde Huejutla se ha extendido e incluso hay un sector donde se don\u00f3 un predio, precisamente, para construir otro mercado municipal, pero se encuentran muchos locales abandonados, como los hay en el antiguo estacionamiento del auditorio, y esos vendedores concesionarios siguen laborando en las calles, obstruyendo la vialidad.<\/p>\n\n\n\n<p>Rememor\u00f3 que, cuando se construy\u00f3 el mercado municipal ning\u00fan comerciante quer\u00eda, por X o Y, utilizar su local, pero se les oblig\u00f3 con la amenaza de d\u00e1rselo a otro compa\u00f1ero y ahora estamos saturados, lo que quiere decir que si se ubica otro mercado en la colonia Aviaci\u00f3n Civil s\u00ed les ser\u00eda ben\u00e9fico, como en su momento se hizo en el mercado de Huejutla.<\/p>\n\n\n\n<p>Asimismo, coment\u00f3 que, la actual administraci\u00f3n municipal est\u00e1 realizando un reordenamiento en el mercado y tianguis, pero no todos los comerciantes est\u00e1n acatando la disposici\u00f3n, por lo que el alcalde, quien acaba de tomar posesi\u00f3n del cargo, advirti\u00f3 que, dentro de dos meses, a m\u00e1s tardar, se actuar\u00e1 de manera estricta, lo que se requiere para reglamentar el comercio tanto interno como externo.<\/p>\n\n\n\n<p>Para concluir, S\u00e1nchez Hern\u00e1ndez coment\u00f3 que, los locatarios est\u00e1n esperando, ya que se les envi\u00f3 un comunicado previo, qu\u00e9 d\u00eda iniciar\u00e1 la labor de reordenamiento en los pasillos, los cuales siguen invadidos; por lo que exhort\u00f3 a los compa\u00f1eros a que se haga caso a las autoridades, ya que el beneficio es para ellos mismos y sus clientes.<\/p>\n\n\n\n<p><\/p>\n","protected":false},"excerpt":{"rendered":"<p>Por Salvador Altamirano\/Zunoticia Huejutla, Hgo.- Reafirmando&nbsp; lo que refieren ciudadanos, en especial amas de casa, que la poblaci\u00f3n necesita una extensi\u00f3n de mercado municipal, Ger\u00f3nimo S\u00e1nchez Hern\u00e1ndez, locatario de venta de productos derivados de la parafina, asegur\u00f3 que efectivamente as\u00ed es. Agreg\u00f3 que, es necesario debido a que el mercado municipal ya est\u00e1 saturado de&hellip; <a class=\"more-link\" href=\"https:\/\/www.zunoticia.com\/noticias-de-hidalgo\/2025\/03\/13\/huejutla-si-requiere-una-extension-de-mercado-municipal-geronimo-sanchez\/\">Seguir leyendo <span class=\"screen-reader-text\">Huejutla s\u00ed requiere una extensi\u00f3n de mercado municipal: Ger\u00f3nimo S\u00e1nchez<\/span><\/a><\/p>\n","protected":false},"author":20,"featured_media":586054,"comment_status":"open","ping_status":"open","sticky":false,"template":"","format":"standard","meta":{"rop_custom_images_group":[],"rop_custom_messages_group":[],"rop_publish_now":"initial","rop_publish_now_accounts":{"facebook_10159540855086992_322828327761733":""},"rop_publish_now_history":[],"rop_publish_now_status":"pending","footnotes":""},"categories":[181],"tags":[121],"class_list":["post-586053","post","type-post","status-publish","format-standard","has-post-thumbnail","hentry","category-huejutla","tag-huejutla","entry"],"_links":{"self":[{"href":"https:\/\/www.zunoticia.com\/noticias-de-hidalgo\/wp-json\/wp\/v2\/posts\/586053","targetHints":{"allow":["GET"]}}],"collection":[{"href":"https:\/\/www.zunoticia.com\/noticias-de-hidalgo\/wp-json\/wp\/v2\/posts"}],"about":[{"href":"https:\/\/www.zunoticia.com\/noticias-de-hidalgo\/wp-json\/wp\/v2\/types\/post"}],"author":[{"embeddable":true,"href":"https:\/\/www.zunoticia.com\/noticias-de-hidalgo\/wp-json\/wp\/v2\/users\/20"}],"replies":[{"embeddable":true,"href":"https:\/\/www.zunoticia.com\/noticias-de-hidalgo\/wp-json\/wp\/v2\/comments?post=586053"}],"version-history":[{"count":1,"href":"https:\/\/www.zunoticia.com\/noticias-de-hidalgo\/wp-json\/wp\/v2\/posts\/586053\/revisions"}],"predecessor-version":[{"id":586055,"href":"https:\/\/www.zunoticia.com\/noticias-de-hidalgo\/wp-json\/wp\/v2\/posts\/586053\/revisions\/586055"}],"wp:featuredmedia":[{"embeddable":true,"href":"https:\/\/www.zunoticia.com\/noticias-de-hidalgo\/wp-json\/wp\/v2\/media\/586054"}],"wp:attachment":[{"href":"https:\/\/www.zunoticia.com\/noticias-de-hidalgo\/wp-json\/wp\/v2\/media?parent=586053"}],"wp:term":[{"taxonomy":"category","embeddable":true,"href":"https:\/\/www.zunoticia.com\/noticias-de-hidalgo\/wp-json\/wp\/v2\/categories?post=586053"},{"taxonomy":"post_tag","embeddable":true,"href":"https:\/\/www.zunoticia.com\/noticias-de-hidalgo\/wp-json\/wp\/v2\/tags?post=586053"}],"curies":[{"name":"wp","href":"https:\/\/api.w.org\/{rel}","templated":true}]}}