{"id":586080,"date":"2025-03-13T17:30:02","date_gmt":"2025-03-13T23:30:02","guid":{"rendered":"https:\/\/www.zunoticia.com\/noticias-de-hidalgo\/?p=586080"},"modified":"2025-03-13T17:30:04","modified_gmt":"2025-03-13T23:30:04","slug":"realizan-en-primaria-conferencia-sobre-valores-y-crianza-positiva","status":"publish","type":"post","link":"https:\/\/www.zunoticia.com\/noticias-de-hidalgo\/2025\/03\/13\/realizan-en-primaria-conferencia-sobre-valores-y-crianza-positiva\/","title":{"rendered":"Realizan en primaria, conferencia sobre Valores y Crianza positiva"},"content":{"rendered":"<aside class=\"mashsb-container mashsb-main mashsb-stretched\"><div class=\"mashsb-box\"><div class=\"mashsb-count mash-large\" style=\"float:left\"><div class=\"counts mashsbcount\">0<\/div><span class=\"mashsb-sharetext\">SHARES<\/span><\/div><div class=\"mashsb-buttons\"><a class=\"mashicon-facebook mash-large mash-center mashsb-noshadow\" href=\"https:\/\/www.facebook.com\/sharer.php?u=https%3A%2F%2Fwww.zunoticia.com%2Fnoticias-de-hidalgo%2F2025%2F03%2F13%2Frealizan-en-primaria-conferencia-sobre-valores-y-crianza-positiva%2F\" target=\"_top\" rel=\"nofollow\"><span class=\"icon\"><\/span><span class=\"text\">Share<\/span><\/a><a class=\"mashicon-twitter mash-large mash-center mashsb-noshadow\" href=\"https:\/\/twitter.com\/intent\/tweet?text=&amp;url=https:\/\/www.zunoticia.com\/noticias-de-hidalgo\/2025\/03\/13\/realizan-en-primaria-conferencia-sobre-valores-y-crianza-positiva\/\" target=\"_top\" rel=\"nofollow\"><span class=\"icon\"><\/span><span class=\"text\">Tweet<\/span><\/a><div class=\"onoffswitch2 mash-large mashsb-noshadow\" style=\"display:none\"><\/div><\/div>\n            <\/div>\n                <div style=\"clear:both\"><\/div><div class=\"mashsb-toggle-container\"><\/div><\/aside>\n            <!-- Share buttons by mashshare.net - Version: 4.0.47-->\n<p><em>Por Enedino Hern\u00e1ndez Alonso\/Zunoticia<\/em><\/p>\n\n\n\n<p><strong>Huejutla, Hgo. &#8211;<\/strong> Como parte del compromiso de construir una comunidad m\u00e1s unida y con mejores oportunidades para el beneficio de la ni\u00f1ez, en estos d\u00edas se imparti\u00f3 la conferencia sobre Valores y Crianza Positiva en las instalaciones de la Escuela Primaria General Cuauht\u00e9moc en Axcaco, Huejutla.<\/p>\n\n\n\n<p>El director del citado plantel educativo, Ren\u00e9 Sahag\u00f3n, explic\u00f3 que, en su momento el personal del \u00e1rea de SIPINNA, Psicolog\u00eda y Educaci\u00f3n de la presidencia municipal ofrecieron la conferencia sobre Crianza Positiva a los padres de familia, alumnos y maestros.<\/p>\n\n\n\n<p>Dijo que, la conferencia se llev\u00f3 a cabo con la finalidad de reflexionar sobre el cuidado de las familias al interior de los hogares y con ello, reafirmar los compromisos y la ense\u00f1anza que se tiene en el tema de los valores.<\/p>\n\n\n\n<p>Abund\u00f3 que, estas actividades corresponden al curr\u00edculo dise\u00f1ado por la Secretar\u00eda de Educaci\u00f3n P\u00fablica y fomentada por las autoridades del estado de Hidalgo para el bienestar de las ni\u00f1as, los ni\u00f1os y adolescentes.<\/p>\n\n\n\n<p>Subray\u00f3 que, este esfuerzo fue posible gracias al trabajo coordinado entre las \u00e1reas de Educaci\u00f3n, SIPINNA y Seguridad Municipal, contando con la participaci\u00f3n activa del Comit\u00e9 de Padres de Familia, alumnos, alumnas y docentes.<\/p>\n\n\n\n<p>Ren\u00e9 Sahag\u00f3n agradeci\u00f3 puntualmente al presidente municipal de Huejutla, Alfredo San Rom\u00e1n Duval, por el total respaldo que tiene en favor de la educaci\u00f3n y el firme compromiso con el desarrollo de la comunidad escolar.<\/p>\n\n\n\n<figure class=\"wp-block-gallery has-nested-images columns-default is-cropped wp-block-gallery-1 is-layout-flex wp-block-gallery-is-layout-flex\">\n<figure class=\"wp-block-image size-large\"><img fetchpriority=\"high\" decoding=\"async\" width=\"933\" height=\"524\" data-id=\"586082\" src=\"https:\/\/www.zunoticia.com\/noticias-de-hidalgo\/wp-content\/uploads\/2025\/03\/Zunoticia-Huejutla-1-98.png\" alt=\"\" class=\"wp-image-586082\"\/><\/figure>\n\n\n\n<figure class=\"wp-block-image size-large\"><img decoding=\"async\" width=\"933\" height=\"524\" data-id=\"586083\" src=\"https:\/\/www.zunoticia.com\/noticias-de-hidalgo\/wp-content\/uploads\/2025\/03\/Zunoticia-Huejutla-151.png\" alt=\"\" class=\"wp-image-586083\"\/><\/figure>\n<\/figure>\n","protected":false},"excerpt":{"rendered":"<p>Por Enedino Hern\u00e1ndez Alonso\/Zunoticia Huejutla, Hgo. &#8211; Como parte del compromiso de construir una comunidad m\u00e1s unida y con mejores oportunidades para el beneficio de la ni\u00f1ez, en estos d\u00edas se imparti\u00f3 la conferencia sobre Valores y Crianza Positiva en las instalaciones de la Escuela Primaria General Cuauht\u00e9moc en Axcaco, Huejutla. El director del citado&hellip; <a class=\"more-link\" href=\"https:\/\/www.zunoticia.com\/noticias-de-hidalgo\/2025\/03\/13\/realizan-en-primaria-conferencia-sobre-valores-y-crianza-positiva\/\">Seguir leyendo <span class=\"screen-reader-text\">Realizan en primaria, conferencia sobre Valores y Crianza positiva<\/span><\/a><\/p>\n","protected":false},"author":20,"featured_media":586081,"comment_status":"open","ping_status":"open","sticky":false,"template":"","format":"standard","meta":{"rop_custom_images_group":[],"rop_custom_messages_group":[],"rop_publish_now":"initial","rop_publish_now_accounts":{"facebook_10159540855086992_322828327761733":""},"rop_publish_now_history":[],"rop_publish_now_status":"pending","footnotes":""},"categories":[181],"tags":[121],"class_list":["post-586080","post","type-post","status-publish","format-standard","has-post-thumbnail","hentry","category-huejutla","tag-huejutla","entry"],"_links":{"self":[{"href":"https:\/\/www.zunoticia.com\/noticias-de-hidalgo\/wp-json\/wp\/v2\/posts\/586080","targetHints":{"allow":["GET"]}}],"collection":[{"href":"https:\/\/www.zunoticia.com\/noticias-de-hidalgo\/wp-json\/wp\/v2\/posts"}],"about":[{"href":"https:\/\/www.zunoticia.com\/noticias-de-hidalgo\/wp-json\/wp\/v2\/types\/post"}],"author":[{"embeddable":true,"href":"https:\/\/www.zunoticia.com\/noticias-de-hidalgo\/wp-json\/wp\/v2\/users\/20"}],"replies":[{"embeddable":true,"href":"https:\/\/www.zunoticia.com\/noticias-de-hidalgo\/wp-json\/wp\/v2\/comments?post=586080"}],"version-history":[{"count":1,"href":"https:\/\/www.zunoticia.com\/noticias-de-hidalgo\/wp-json\/wp\/v2\/posts\/586080\/revisions"}],"predecessor-version":[{"id":586084,"href":"https:\/\/www.zunoticia.com\/noticias-de-hidalgo\/wp-json\/wp\/v2\/posts\/586080\/revisions\/586084"}],"wp:featuredmedia":[{"embeddable":true,"href":"https:\/\/www.zunoticia.com\/noticias-de-hidalgo\/wp-json\/wp\/v2\/media\/586081"}],"wp:attachment":[{"href":"https:\/\/www.zunoticia.com\/noticias-de-hidalgo\/wp-json\/wp\/v2\/media?parent=586080"}],"wp:term":[{"taxonomy":"category","embeddable":true,"href":"https:\/\/www.zunoticia.com\/noticias-de-hidalgo\/wp-json\/wp\/v2\/categories?post=586080"},{"taxonomy":"post_tag","embeddable":true,"href":"https:\/\/www.zunoticia.com\/noticias-de-hidalgo\/wp-json\/wp\/v2\/tags?post=586080"}],"curies":[{"name":"wp","href":"https:\/\/api.w.org\/{rel}","templated":true}]}}