{"id":586088,"date":"2025-03-13T17:49:06","date_gmt":"2025-03-13T23:49:06","guid":{"rendered":"https:\/\/www.zunoticia.com\/noticias-de-hidalgo\/?p=586088"},"modified":"2025-03-13T17:49:08","modified_gmt":"2025-03-13T23:49:08","slug":"breve-cronica-de-la-colonia-san-jose","status":"publish","type":"post","link":"https:\/\/www.zunoticia.com\/noticias-de-hidalgo\/2025\/03\/13\/breve-cronica-de-la-colonia-san-jose\/","title":{"rendered":"Breve cr\u00f3nica de la colonia San Jos\u00e9"},"content":{"rendered":"<aside class=\"mashsb-container mashsb-main mashsb-stretched\"><div class=\"mashsb-box\"><div class=\"mashsb-count mash-large\" style=\"float:left\"><div class=\"counts mashsbcount\">0<\/div><span class=\"mashsb-sharetext\">SHARES<\/span><\/div><div class=\"mashsb-buttons\"><a class=\"mashicon-facebook mash-large mash-center mashsb-noshadow\" href=\"https:\/\/www.facebook.com\/sharer.php?u=https%3A%2F%2Fwww.zunoticia.com%2Fnoticias-de-hidalgo%2F2025%2F03%2F13%2Fbreve-cronica-de-la-colonia-san-jose%2F\" target=\"_top\" rel=\"nofollow\"><span class=\"icon\"><\/span><span class=\"text\">Share<\/span><\/a><a class=\"mashicon-twitter mash-large mash-center mashsb-noshadow\" href=\"https:\/\/twitter.com\/intent\/tweet?text=&amp;url=https:\/\/www.zunoticia.com\/noticias-de-hidalgo\/2025\/03\/13\/breve-cronica-de-la-colonia-san-jose\/\" target=\"_top\" rel=\"nofollow\"><span class=\"icon\"><\/span><span class=\"text\">Tweet<\/span><\/a><div class=\"onoffswitch2 mash-large mashsb-noshadow\" style=\"display:none\"><\/div><\/div>\n            <\/div>\n                <div style=\"clear:both\"><\/div><div class=\"mashsb-toggle-container\"><\/div><\/aside>\n            <!-- Share buttons by mashshare.net - Version: 4.0.47-->\n<p><em>Por Salvador Altamirano\/Zunoticia<\/em><\/p>\n\n\n\n<p><strong>Huejutla, Hgo<\/strong>.- Por determinaci\u00f3n de la iglesia cat\u00f3lica, el 19 de marzo se celebra a San Jos\u00e9 de Nazaret, quien fue el esposo de la Virgen Mar\u00eda y pap\u00e1 de Jes\u00fas, por lo que es denominado patr\u00f3n de la iglesia universal, cuya fecha de festejo est\u00e1 pr\u00f3xima.<\/p>\n\n\n\n<p>Rememoraron habitantes del antiguo Barrio El Potrero, hoy colonia San Jos\u00e9, quienes pidieron que por no ser protagonistas sus nombres no fueran revelados, que cuando Huejutla era un pueblo peque\u00f1o, en el trazo del antiguo camino real al municipio de Jaltoc\u00e1n, bordeado de pretiles de piedra, hab\u00eda un extenso potrero, donde no obstante se encontraban unas casas diseminadas.<\/p>\n\n\n\n<p>Agregaron que, por tal motivo, en primer t\u00e9rmino, se le conoci\u00f3 con el nombre de Barrio El Potrero, pero un se\u00f1or llamado Juli\u00e1n Hern\u00e1ndez, quien era catequista del lugar, don\u00f3 a la iglesia, en aquellos a\u00f1os, una construcci\u00f3n de adobes y techo de paja, la imagen en estatua o bulto de San Jos\u00e9, que trajo de la Ciudad de M\u00e9xico, por lo que el sector poblacional adopt\u00f3 y se cambi\u00f3 al nombre del santo.<\/p>\n\n\n\n<p>Agregaron que, don Juli\u00e1n, como era conocido, aunado a que trajo dicha imagen, en el marco de su labor catequista, tambi\u00e9n integr\u00f3 en Huejutla el primer grupo de alabanza a la Virgen de Guadalupe llamadas las inditas.<\/p>\n\n\n\n<p>Para finalizar, comentaron que al antiguo Barrio El Potrero, hoy colonia San Jos\u00e9, se le conoce como &#8220;ra\u00edz de tradiciones&#8221;, ya que fue aqu\u00ed&nbsp; -enfatizaron-, en donde se integr\u00f3 la primer cuadrilla de danzantes de Xantolo, cuyo violinista era don Sixto Lara Romero, cuyos bailadores se concentraban al sonido de un cuerno emitido desde una Loma.<\/p>\n\n\n\n<figure class=\"wp-block-image size-full\"><img fetchpriority=\"high\" decoding=\"async\" width=\"933\" height=\"524\" src=\"https:\/\/www.zunoticia.com\/noticias-de-hidalgo\/wp-content\/uploads\/2025\/03\/Zunoticia-Huejutla-1-99.png\" alt=\"\" class=\"wp-image-586090\"\/><\/figure>\n","protected":false},"excerpt":{"rendered":"<p>Por Salvador Altamirano\/Zunoticia Huejutla, Hgo.- Por determinaci\u00f3n de la iglesia cat\u00f3lica, el 19 de marzo se celebra a San Jos\u00e9 de Nazaret, quien fue el esposo de la Virgen Mar\u00eda y pap\u00e1 de Jes\u00fas, por lo que es denominado patr\u00f3n de la iglesia universal, cuya fecha de festejo est\u00e1 pr\u00f3xima. Rememoraron habitantes del antiguo Barrio&hellip; <a class=\"more-link\" href=\"https:\/\/www.zunoticia.com\/noticias-de-hidalgo\/2025\/03\/13\/breve-cronica-de-la-colonia-san-jose\/\">Seguir leyendo <span class=\"screen-reader-text\">Breve cr\u00f3nica de la colonia San Jos\u00e9<\/span><\/a><\/p>\n","protected":false},"author":20,"featured_media":586089,"comment_status":"open","ping_status":"open","sticky":false,"template":"","format":"standard","meta":{"rop_custom_images_group":[],"rop_custom_messages_group":[],"rop_publish_now":"initial","rop_publish_now_accounts":{"facebook_10159540855086992_322828327761733":""},"rop_publish_now_history":[],"rop_publish_now_status":"pending","footnotes":""},"categories":[181],"tags":[121],"class_list":["post-586088","post","type-post","status-publish","format-standard","has-post-thumbnail","hentry","category-huejutla","tag-huejutla","entry"],"_links":{"self":[{"href":"https:\/\/www.zunoticia.com\/noticias-de-hidalgo\/wp-json\/wp\/v2\/posts\/586088","targetHints":{"allow":["GET"]}}],"collection":[{"href":"https:\/\/www.zunoticia.com\/noticias-de-hidalgo\/wp-json\/wp\/v2\/posts"}],"about":[{"href":"https:\/\/www.zunoticia.com\/noticias-de-hidalgo\/wp-json\/wp\/v2\/types\/post"}],"author":[{"embeddable":true,"href":"https:\/\/www.zunoticia.com\/noticias-de-hidalgo\/wp-json\/wp\/v2\/users\/20"}],"replies":[{"embeddable":true,"href":"https:\/\/www.zunoticia.com\/noticias-de-hidalgo\/wp-json\/wp\/v2\/comments?post=586088"}],"version-history":[{"count":1,"href":"https:\/\/www.zunoticia.com\/noticias-de-hidalgo\/wp-json\/wp\/v2\/posts\/586088\/revisions"}],"predecessor-version":[{"id":586091,"href":"https:\/\/www.zunoticia.com\/noticias-de-hidalgo\/wp-json\/wp\/v2\/posts\/586088\/revisions\/586091"}],"wp:featuredmedia":[{"embeddable":true,"href":"https:\/\/www.zunoticia.com\/noticias-de-hidalgo\/wp-json\/wp\/v2\/media\/586089"}],"wp:attachment":[{"href":"https:\/\/www.zunoticia.com\/noticias-de-hidalgo\/wp-json\/wp\/v2\/media?parent=586088"}],"wp:term":[{"taxonomy":"category","embeddable":true,"href":"https:\/\/www.zunoticia.com\/noticias-de-hidalgo\/wp-json\/wp\/v2\/categories?post=586088"},{"taxonomy":"post_tag","embeddable":true,"href":"https:\/\/www.zunoticia.com\/noticias-de-hidalgo\/wp-json\/wp\/v2\/tags?post=586088"}],"curies":[{"name":"wp","href":"https:\/\/api.w.org\/{rel}","templated":true}]}}