{"id":586111,"date":"2025-03-13T18:39:54","date_gmt":"2025-03-14T00:39:54","guid":{"rendered":"https:\/\/www.zunoticia.com\/noticias-de-hidalgo\/?p=586111"},"modified":"2025-03-13T18:39:55","modified_gmt":"2025-03-14T00:39:55","slug":"inician-trabajos-de-rehabilitacion-de-la-carretera-federal-mexico-tampico","status":"publish","type":"post","link":"https:\/\/www.zunoticia.com\/noticias-de-hidalgo\/2025\/03\/13\/inician-trabajos-de-rehabilitacion-de-la-carretera-federal-mexico-tampico\/","title":{"rendered":"Inician trabajos de rehabilitaci\u00f3n de la carretera Federal M\u00e9xico &#8211; Tampico"},"content":{"rendered":"<aside class=\"mashsb-container mashsb-main mashsb-stretched\"><div class=\"mashsb-box\"><div class=\"mashsb-count mash-large\" style=\"float:left\"><div class=\"counts mashsbcount\">0<\/div><span class=\"mashsb-sharetext\">SHARES<\/span><\/div><div class=\"mashsb-buttons\"><a class=\"mashicon-facebook mash-large mash-center mashsb-noshadow\" href=\"https:\/\/www.facebook.com\/sharer.php?u=https%3A%2F%2Fwww.zunoticia.com%2Fnoticias-de-hidalgo%2F2025%2F03%2F13%2Finician-trabajos-de-rehabilitacion-de-la-carretera-federal-mexico-tampico%2F\" target=\"_top\" rel=\"nofollow\"><span class=\"icon\"><\/span><span class=\"text\">Share<\/span><\/a><a class=\"mashicon-twitter mash-large mash-center mashsb-noshadow\" href=\"https:\/\/twitter.com\/intent\/tweet?text=&amp;url=https:\/\/www.zunoticia.com\/noticias-de-hidalgo\/2025\/03\/13\/inician-trabajos-de-rehabilitacion-de-la-carretera-federal-mexico-tampico\/\" target=\"_top\" rel=\"nofollow\"><span class=\"icon\"><\/span><span class=\"text\">Tweet<\/span><\/a><div class=\"onoffswitch2 mash-large mashsb-noshadow\" style=\"display:none\"><\/div><\/div>\n            <\/div>\n                <div style=\"clear:both\"><\/div><div class=\"mashsb-toggle-container\"><\/div><\/aside>\n            <!-- Share buttons by mashshare.net - Version: 4.0.47-->\n<p><em>Por Karen Rivera\/ Zunoticia<\/em><\/p>\n\n\n\n<p><strong>Tlanchinol, Hgo<\/strong>.- Tras los di\u00e1logos sostenidos en d\u00edas pasados, por fin dio inicio el trabajo de rehabilitaci\u00f3n del tramo carretero Huejutla- Tlanchinol.<\/p>\n\n\n\n<p>Durante la ma\u00f1ana del jueves 13 de marzo del a\u00f1o en curso, personal de la Direcci\u00f3n General de Conservaci\u00f3n de Carreteras, con maquinaria pesada iniciaron a raspar la cinta asf\u00e1ltica para reparar los tramos da\u00f1ados.<\/p>\n\n\n\n<p>Alrededor de las 10:00 horas, la maquinaria comenz\u00f3 a trabajar para raspar el concreto y posteriormente compactar el suelo para aplicar el asfaltado.<\/p>\n\n\n\n<p>De momento, hacen una invitaci\u00f3n a los conductores para circular con precauci\u00f3n y a velocidad moderada para evitar accidentes en metros antes del lugar conocido como &#8220;La Virgencita&#8221;.<\/p>\n","protected":false},"excerpt":{"rendered":"<p>Por Karen Rivera\/ Zunoticia Tlanchinol, Hgo.- Tras los di\u00e1logos sostenidos en d\u00edas pasados, por fin dio inicio el trabajo de rehabilitaci\u00f3n del tramo carretero Huejutla- Tlanchinol. Durante la ma\u00f1ana del jueves 13 de marzo del a\u00f1o en curso, personal de la Direcci\u00f3n General de Conservaci\u00f3n de Carreteras, con maquinaria pesada iniciaron a raspar la cinta&hellip; <a class=\"more-link\" href=\"https:\/\/www.zunoticia.com\/noticias-de-hidalgo\/2025\/03\/13\/inician-trabajos-de-rehabilitacion-de-la-carretera-federal-mexico-tampico\/\">Seguir leyendo <span class=\"screen-reader-text\">Inician trabajos de rehabilitaci\u00f3n de la carretera Federal M\u00e9xico &#8211; Tampico<\/span><\/a><\/p>\n","protected":false},"author":20,"featured_media":586112,"comment_status":"open","ping_status":"open","sticky":false,"template":"","format":"standard","meta":{"rop_custom_images_group":[],"rop_custom_messages_group":[],"rop_publish_now":"initial","rop_publish_now_accounts":{"facebook_10159540855086992_322828327761733":""},"rop_publish_now_history":[],"rop_publish_now_status":"pending","footnotes":""},"categories":[219,201],"tags":[346,127],"class_list":["post-586111","post","type-post","status-publish","format-standard","has-post-thumbnail","hentry","category-sierra","category-tlanchinol","tag-sierra","tag-tlanchinol","entry"],"_links":{"self":[{"href":"https:\/\/www.zunoticia.com\/noticias-de-hidalgo\/wp-json\/wp\/v2\/posts\/586111","targetHints":{"allow":["GET"]}}],"collection":[{"href":"https:\/\/www.zunoticia.com\/noticias-de-hidalgo\/wp-json\/wp\/v2\/posts"}],"about":[{"href":"https:\/\/www.zunoticia.com\/noticias-de-hidalgo\/wp-json\/wp\/v2\/types\/post"}],"author":[{"embeddable":true,"href":"https:\/\/www.zunoticia.com\/noticias-de-hidalgo\/wp-json\/wp\/v2\/users\/20"}],"replies":[{"embeddable":true,"href":"https:\/\/www.zunoticia.com\/noticias-de-hidalgo\/wp-json\/wp\/v2\/comments?post=586111"}],"version-history":[{"count":1,"href":"https:\/\/www.zunoticia.com\/noticias-de-hidalgo\/wp-json\/wp\/v2\/posts\/586111\/revisions"}],"predecessor-version":[{"id":586113,"href":"https:\/\/www.zunoticia.com\/noticias-de-hidalgo\/wp-json\/wp\/v2\/posts\/586111\/revisions\/586113"}],"wp:featuredmedia":[{"embeddable":true,"href":"https:\/\/www.zunoticia.com\/noticias-de-hidalgo\/wp-json\/wp\/v2\/media\/586112"}],"wp:attachment":[{"href":"https:\/\/www.zunoticia.com\/noticias-de-hidalgo\/wp-json\/wp\/v2\/media?parent=586111"}],"wp:term":[{"taxonomy":"category","embeddable":true,"href":"https:\/\/www.zunoticia.com\/noticias-de-hidalgo\/wp-json\/wp\/v2\/categories?post=586111"},{"taxonomy":"post_tag","embeddable":true,"href":"https:\/\/www.zunoticia.com\/noticias-de-hidalgo\/wp-json\/wp\/v2\/tags?post=586111"}],"curies":[{"name":"wp","href":"https:\/\/api.w.org\/{rel}","templated":true}]}}