{"id":586125,"date":"2025-03-13T23:27:08","date_gmt":"2025-03-14T05:27:08","guid":{"rendered":"https:\/\/www.zunoticia.com\/noticias-de-hidalgo\/?p=586125"},"modified":"2025-03-13T23:27:09","modified_gmt":"2025-03-14T05:27:09","slug":"espejeando-por-perseo-huasteca-145","status":"publish","type":"post","link":"https:\/\/www.zunoticia.com\/noticias-de-hidalgo\/2025\/03\/13\/espejeando-por-perseo-huasteca-145\/","title":{"rendered":"ESPEJEANDO POR PERSEO Huasteca"},"content":{"rendered":"<aside class=\"mashsb-container mashsb-main mashsb-stretched\"><div class=\"mashsb-box\"><div class=\"mashsb-count mash-large\" style=\"float:left\"><div class=\"counts mashsbcount\">0<\/div><span class=\"mashsb-sharetext\">SHARES<\/span><\/div><div class=\"mashsb-buttons\"><a class=\"mashicon-facebook mash-large mash-center mashsb-noshadow\" href=\"https:\/\/www.facebook.com\/sharer.php?u=https%3A%2F%2Fwww.zunoticia.com%2Fnoticias-de-hidalgo%2F2025%2F03%2F13%2Fespejeando-por-perseo-huasteca-145%2F\" target=\"_top\" rel=\"nofollow\"><span class=\"icon\"><\/span><span class=\"text\">Share<\/span><\/a><a class=\"mashicon-twitter mash-large mash-center mashsb-noshadow\" href=\"https:\/\/twitter.com\/intent\/tweet?text=&amp;url=https:\/\/www.zunoticia.com\/noticias-de-hidalgo\/2025\/03\/13\/espejeando-por-perseo-huasteca-145\/\" target=\"_top\" rel=\"nofollow\"><span class=\"icon\"><\/span><span class=\"text\">Tweet<\/span><\/a><div class=\"onoffswitch2 mash-large mashsb-noshadow\" style=\"display:none\"><\/div><\/div>\n            <\/div>\n                <div style=\"clear:both\"><\/div><div class=\"mashsb-toggle-container\"><\/div><\/aside>\n            <!-- Share buttons by mashshare.net - Version: 4.0.47-->\n<ul class=\"wp-block-list\">\n<li>LA PUESTA EN MARCHA DEL PROGRAMA de Tablets gratuitas para estudiantes de bachillerato por parte del Gobernador, Julio Menchaca Salazar, durante la ma\u00f1ana de este jueves en la capital del estado, es un parteaguas para todos los estudiantes de la entidad, quienes ahora podr\u00e1n contar con una herramienta para poder realizar sus trabajos y tener acceso al internet, algo que actualmente es esencial en todas las instituciones.<\/li>\n\n\n\n<li>La inversi\u00f3n que supera los 44 millones de pesos se traduce no solo en apoyos tecnol\u00f3gicos, sino tambi\u00e9n en la entrega de uniformes y calzado, algo que no se hab\u00eda realizado en gobiernos anteriores.<\/li>\n\n\n\n<li>S\u00cd, ESTE MISMO JUEVES, durante la comparecencia del Gobernador ante los medios de comunicaci\u00f3n, respecto al seguimiento que se les ha dado a las denuncias revisadas por mujeres que participaron en la marcha del 8M, quienes acusaron que elementos polic\u00edacos cometieron abusos en contra de los participantes y por lo cual existen dos elementos que est\u00e1n siendo investigados.<\/li>\n\n\n\n<li>Ante esto el Gobernador ha se\u00f1alado que se habr\u00e1n de verificar cada una de las denuncias y si alguno de los elementos resulta culpable habr\u00e1 de aplic\u00e1rsele las sanciones que determine el Consejo de Honor y Justicia, aunque aclar\u00f3 que a \u00e9l como Gobernador no le corresponde realizar la funci\u00f3n de investigador, ni de juez y que deben ser las instancias correspondientes.<\/li>\n\n\n\n<li>Refiri\u00f3 que, \u00e9l ha cumplido con la funci\u00f3n de Magistrado y que conoce la labor que realizan los jueces, pero tambi\u00e9n pide no satanizar a los elementos polic\u00edacos, ya que solamente realizan su labor y muchas veces solamente responden a agresiones que reciben.<\/li>\n\n\n\n<li>POR OTRO LADO, tambi\u00e9n se cuestion\u00f3 al Oficial Mayor del Gobierno del Estado sobre los gastos que represent\u00f3 la colocaci\u00f3n de las vallas met\u00e1licas a lo largo del recorrido de la marcha feminista, se\u00f1alando que fueron alrededor de cuatro millones de pesos para 500 estructuras, esto con el fin de mantener el resguardo y el orden.<\/li>\n\n\n\n<li>OTRO PUNTO A DESTACAR ES, que la ma\u00f1ana del jueves la Presidenta de la Rep\u00fablica, Claudia Sheinbaum, reconoci\u00f3 que Hidalgo es uno de los estados que m\u00e1s recursos a recibido en inversi\u00f3n, aclarando que esto se debe a una deuda hist\u00f3rica que se tiene con la entidad, adem\u00e1s, se anunci\u00f3 que en los pr\u00f3ximos d\u00edas estar\u00e1 nuevamente de visita en el estado.<\/li>\n<\/ul>\n","protected":false},"excerpt":{"rendered":"","protected":false},"author":12,"featured_media":586126,"comment_status":"open","ping_status":"open","sticky":false,"template":"","format":"standard","meta":{"rop_custom_images_group":[],"rop_custom_messages_group":[],"rop_publish_now":"initial","rop_publish_now_accounts":{"facebook_10159540855086992_322828327761733":""},"rop_publish_now_history":[],"rop_publish_now_status":"pending","footnotes":""},"categories":[176],"tags":[205],"class_list":["post-586125","post","type-post","status-publish","format-standard","has-post-thumbnail","hentry","category-espejeando","tag-espejeando","entry"],"_links":{"self":[{"href":"https:\/\/www.zunoticia.com\/noticias-de-hidalgo\/wp-json\/wp\/v2\/posts\/586125","targetHints":{"allow":["GET"]}}],"collection":[{"href":"https:\/\/www.zunoticia.com\/noticias-de-hidalgo\/wp-json\/wp\/v2\/posts"}],"about":[{"href":"https:\/\/www.zunoticia.com\/noticias-de-hidalgo\/wp-json\/wp\/v2\/types\/post"}],"author":[{"embeddable":true,"href":"https:\/\/www.zunoticia.com\/noticias-de-hidalgo\/wp-json\/wp\/v2\/users\/12"}],"replies":[{"embeddable":true,"href":"https:\/\/www.zunoticia.com\/noticias-de-hidalgo\/wp-json\/wp\/v2\/comments?post=586125"}],"version-history":[{"count":1,"href":"https:\/\/www.zunoticia.com\/noticias-de-hidalgo\/wp-json\/wp\/v2\/posts\/586125\/revisions"}],"predecessor-version":[{"id":586127,"href":"https:\/\/www.zunoticia.com\/noticias-de-hidalgo\/wp-json\/wp\/v2\/posts\/586125\/revisions\/586127"}],"wp:featuredmedia":[{"embeddable":true,"href":"https:\/\/www.zunoticia.com\/noticias-de-hidalgo\/wp-json\/wp\/v2\/media\/586126"}],"wp:attachment":[{"href":"https:\/\/www.zunoticia.com\/noticias-de-hidalgo\/wp-json\/wp\/v2\/media?parent=586125"}],"wp:term":[{"taxonomy":"category","embeddable":true,"href":"https:\/\/www.zunoticia.com\/noticias-de-hidalgo\/wp-json\/wp\/v2\/categories?post=586125"},{"taxonomy":"post_tag","embeddable":true,"href":"https:\/\/www.zunoticia.com\/noticias-de-hidalgo\/wp-json\/wp\/v2\/tags?post=586125"}],"curies":[{"name":"wp","href":"https:\/\/api.w.org\/{rel}","templated":true}]}}