{"id":586393,"date":"2025-03-16T17:09:58","date_gmt":"2025-03-16T23:09:58","guid":{"rendered":"https:\/\/www.zunoticia.com\/noticias-de-hidalgo\/?p=586393"},"modified":"2025-03-16T17:10:00","modified_gmt":"2025-03-16T23:10:00","slug":"yahualica-pueblo-y-municipio-con-mas-rezago-en-la-region-opinan","status":"publish","type":"post","link":"https:\/\/www.zunoticia.com\/noticias-de-hidalgo\/2025\/03\/16\/yahualica-pueblo-y-municipio-con-mas-rezago-en-la-region-opinan\/","title":{"rendered":"Yahualica, pueblo y municipio con m\u00e1s rezago en la regi\u00f3n: Opinan"},"content":{"rendered":"<aside class=\"mashsb-container mashsb-main mashsb-stretched\"><div class=\"mashsb-box\"><div class=\"mashsb-count mash-large\" style=\"float:left\"><div class=\"counts mashsbcount\">0<\/div><span class=\"mashsb-sharetext\">SHARES<\/span><\/div><div class=\"mashsb-buttons\"><a class=\"mashicon-facebook mash-large mash-center mashsb-noshadow\" href=\"https:\/\/www.facebook.com\/sharer.php?u=https%3A%2F%2Fwww.zunoticia.com%2Fnoticias-de-hidalgo%2F2025%2F03%2F16%2Fyahualica-pueblo-y-municipio-con-mas-rezago-en-la-region-opinan%2F\" target=\"_top\" rel=\"nofollow\"><span class=\"icon\"><\/span><span class=\"text\">Share<\/span><\/a><a class=\"mashicon-twitter mash-large mash-center mashsb-noshadow\" href=\"https:\/\/twitter.com\/intent\/tweet?text=&amp;url=https:\/\/www.zunoticia.com\/noticias-de-hidalgo\/2025\/03\/16\/yahualica-pueblo-y-municipio-con-mas-rezago-en-la-region-opinan\/\" target=\"_top\" rel=\"nofollow\"><span class=\"icon\"><\/span><span class=\"text\">Tweet<\/span><\/a><div class=\"onoffswitch2 mash-large mashsb-noshadow\" style=\"display:none\"><\/div><\/div>\n            <\/div>\n                <div style=\"clear:both\"><\/div><div class=\"mashsb-toggle-container\"><\/div><\/aside>\n            <!-- Share buttons by mashshare.net - Version: 4.0.47-->\n<p><em>Por Salvador Altamirano\/Zunoticia<\/em><\/p>\n\n\n\n<p><strong>Yahualica, Hgo.-<\/strong> Habitantes de la cabecera municipal manifestaron que, seg\u00fan cr\u00f3nicas hist\u00f3ricas, el pueblo fue el primero fundado en el Estado de Hidalgo en la \u00c9poca Precortesiana, en el Siglo XVI por individuos de la etnia Huasteca.<\/p>\n\n\n\n<p>A pregunta formulada, explicaron que, la \u00c9poca Precortesiana es el periodo de la historia de M\u00e9xico que transcurri\u00f3 antes de la llegada de los espa\u00f1oles, concretamente de Hern\u00e1n Cort\u00e9s, de ah\u00ed el nombre especifico.<\/p>\n\n\n\n<p>Subrayaron que, no obstante, Yahualica, pueblo y municipio, es el que m\u00e1s rezago ostenta en la regi\u00f3n de la Huasteca, por qu\u00e9 motivos, cuestionaron, \u00bfpor su ubicaci\u00f3n geogr\u00e1fica?, \u00bfpor apat\u00eda de sus habitantes? o \u00bfpor malos gobiernos?<\/p>\n\n\n\n<p>Agregaron que, por tal motivo, durante su visita a la comunidad de Santa Teresa, el Gobernador del Estado, Julio Menchaca, consciente de la situaci\u00f3n, anunci\u00f3 obras y proyectos sociales que se habr\u00e1n de implementar en las comunidades m\u00e1s vulnerables.<\/p>\n\n\n\n<p>Para finalizar, enfatizaron que, seg\u00fan expresi\u00f3n de un excandidato a la alcald\u00eda, en campa\u00f1a de proselitismo expres\u00f3 que, &#8220;Yahualica ha sido lastimada por sus malos gobiernos&#8221;, por lo que dijeron, \u201cesperamos que el actual sea la excepci\u00f3n\u201d.<\/p>\n","protected":false},"excerpt":{"rendered":"<p>Por Salvador Altamirano\/Zunoticia Yahualica, Hgo.- Habitantes de la cabecera municipal manifestaron que, seg\u00fan cr\u00f3nicas hist\u00f3ricas, el pueblo fue el primero fundado en el Estado de Hidalgo en la \u00c9poca Precortesiana, en el Siglo XVI por individuos de la etnia Huasteca. A pregunta formulada, explicaron que, la \u00c9poca Precortesiana es el periodo de la historia de&hellip; <a class=\"more-link\" href=\"https:\/\/www.zunoticia.com\/noticias-de-hidalgo\/2025\/03\/16\/yahualica-pueblo-y-municipio-con-mas-rezago-en-la-region-opinan\/\">Seguir leyendo <span class=\"screen-reader-text\">Yahualica, pueblo y municipio con m\u00e1s rezago en la regi\u00f3n: Opinan<\/span><\/a><\/p>\n","protected":false},"author":12,"featured_media":586397,"comment_status":"open","ping_status":"open","sticky":false,"template":"","format":"standard","meta":{"rop_custom_images_group":[],"rop_custom_messages_group":[],"rop_publish_now":"initial","rop_publish_now_accounts":{"facebook_10159540855086992_322828327761733":""},"rop_publish_now_history":[],"rop_publish_now_status":"pending","footnotes":""},"categories":[179,203],"tags":[123],"class_list":["post-586393","post","type-post","status-publish","format-standard","has-post-thumbnail","hentry","category-huasteca","category-yahualica","tag-yahualica","entry"],"_links":{"self":[{"href":"https:\/\/www.zunoticia.com\/noticias-de-hidalgo\/wp-json\/wp\/v2\/posts\/586393","targetHints":{"allow":["GET"]}}],"collection":[{"href":"https:\/\/www.zunoticia.com\/noticias-de-hidalgo\/wp-json\/wp\/v2\/posts"}],"about":[{"href":"https:\/\/www.zunoticia.com\/noticias-de-hidalgo\/wp-json\/wp\/v2\/types\/post"}],"author":[{"embeddable":true,"href":"https:\/\/www.zunoticia.com\/noticias-de-hidalgo\/wp-json\/wp\/v2\/users\/12"}],"replies":[{"embeddable":true,"href":"https:\/\/www.zunoticia.com\/noticias-de-hidalgo\/wp-json\/wp\/v2\/comments?post=586393"}],"version-history":[{"count":1,"href":"https:\/\/www.zunoticia.com\/noticias-de-hidalgo\/wp-json\/wp\/v2\/posts\/586393\/revisions"}],"predecessor-version":[{"id":586398,"href":"https:\/\/www.zunoticia.com\/noticias-de-hidalgo\/wp-json\/wp\/v2\/posts\/586393\/revisions\/586398"}],"wp:featuredmedia":[{"embeddable":true,"href":"https:\/\/www.zunoticia.com\/noticias-de-hidalgo\/wp-json\/wp\/v2\/media\/586397"}],"wp:attachment":[{"href":"https:\/\/www.zunoticia.com\/noticias-de-hidalgo\/wp-json\/wp\/v2\/media?parent=586393"}],"wp:term":[{"taxonomy":"category","embeddable":true,"href":"https:\/\/www.zunoticia.com\/noticias-de-hidalgo\/wp-json\/wp\/v2\/categories?post=586393"},{"taxonomy":"post_tag","embeddable":true,"href":"https:\/\/www.zunoticia.com\/noticias-de-hidalgo\/wp-json\/wp\/v2\/tags?post=586393"}],"curies":[{"name":"wp","href":"https:\/\/api.w.org\/{rel}","templated":true}]}}