{"id":586424,"date":"2025-03-17T00:02:11","date_gmt":"2025-03-17T06:02:11","guid":{"rendered":"https:\/\/www.zunoticia.com\/noticias-de-hidalgo\/?p=586424"},"modified":"2025-03-17T00:02:13","modified_gmt":"2025-03-17T06:02:13","slug":"menor-convulsiona-durante-misa-en-tecoluco","status":"publish","type":"post","link":"https:\/\/www.zunoticia.com\/noticias-de-hidalgo\/2025\/03\/17\/menor-convulsiona-durante-misa-en-tecoluco\/","title":{"rendered":"Menor convulsiona durante misa en Tecoluco"},"content":{"rendered":"<aside class=\"mashsb-container mashsb-main mashsb-stretched\"><div class=\"mashsb-box\"><div class=\"mashsb-count mash-large\" style=\"float:left\"><div class=\"counts mashsbcount\">0<\/div><span class=\"mashsb-sharetext\">SHARES<\/span><\/div><div class=\"mashsb-buttons\"><a class=\"mashicon-facebook mash-large mash-center mashsb-noshadow\" href=\"https:\/\/www.facebook.com\/sharer.php?u=https%3A%2F%2Fwww.zunoticia.com%2Fnoticias-de-hidalgo%2F2025%2F03%2F17%2Fmenor-convulsiona-durante-misa-en-tecoluco%2F\" target=\"_top\" rel=\"nofollow\"><span class=\"icon\"><\/span><span class=\"text\">Share<\/span><\/a><a class=\"mashicon-twitter mash-large mash-center mashsb-noshadow\" href=\"https:\/\/twitter.com\/intent\/tweet?text=&amp;url=https:\/\/www.zunoticia.com\/noticias-de-hidalgo\/2025\/03\/17\/menor-convulsiona-durante-misa-en-tecoluco\/\" target=\"_top\" rel=\"nofollow\"><span class=\"icon\"><\/span><span class=\"text\">Tweet<\/span><\/a><div class=\"onoffswitch2 mash-large mashsb-noshadow\" style=\"display:none\"><\/div><\/div>\n            <\/div>\n                <div style=\"clear:both\"><\/div><div class=\"mashsb-toggle-container\"><\/div><\/aside>\n            <!-- Share buttons by mashshare.net - Version: 4.0.47-->\n<p><em>Redacci\u00f3n\/Zunoticia<\/em><\/p>\n\n\n\n<p><strong>Huejutla, Hgo.- <\/strong>Una menor de edad fue auxiliada por param\u00e9dicos de la Cruz Roja, cuando en plena misa sufri\u00f3 una crisis convulsiva por lo que gener\u00f3 preocupaci\u00f3n entre los presentes ante el riesgo de que pudiera resultar con alguna lesi\u00f3n.<\/p>\n\n\n\n<p>El episodio se registr\u00f3 durante la ma\u00f1ana de este domingo, cuando se celebraba la misa dominical en el Santuario de la Virgen de Guadalupe del barrio Tecoluco, en donde se encontraban reunidos una gran cantidad de feligreses y repentinamente una menor de edad cay\u00f3 al sue\u00f1o comenz\u00f3 a convulsionarse.<\/p>\n\n\n\n<p>Esto gener\u00f3 la preocupaci\u00f3n de quienes se encontraban presentes, quienes trataron de auxiliar a la joven para evitar que se lastimara debido a los espasmos involuntarios, as\u00ed mismo pidieron el apoyo de las corporaciones de auxilio para que pudieran brindarle atenci\u00f3n.<\/p>\n\n\n\n<p>Debido a esto elementos de la Cruz Roja Mexicana asistieron a darle los primeros auxilios a la menor a fin de ayudarla a estabilizarse mientras lograba recuperar la conciencia tras el episodio epil\u00e9ptico, sin que se presentaran mayores complicaciones.<\/p>\n","protected":false},"excerpt":{"rendered":"<p>Redacci\u00f3n\/Zunoticia Huejutla, Hgo.- Una menor de edad fue auxiliada por param\u00e9dicos de la Cruz Roja, cuando en plena misa sufri\u00f3 una crisis convulsiva por lo que gener\u00f3 preocupaci\u00f3n entre los presentes ante el riesgo de que pudiera resultar con alguna lesi\u00f3n. El episodio se registr\u00f3 durante la ma\u00f1ana de este domingo, cuando se celebraba la&hellip; <a class=\"more-link\" href=\"https:\/\/www.zunoticia.com\/noticias-de-hidalgo\/2025\/03\/17\/menor-convulsiona-durante-misa-en-tecoluco\/\">Seguir leyendo <span class=\"screen-reader-text\">Menor convulsiona durante misa en Tecoluco<\/span><\/a><\/p>\n","protected":false},"author":13,"featured_media":586418,"comment_status":"open","ping_status":"open","sticky":false,"template":"","format":"standard","meta":{"rop_custom_images_group":[],"rop_custom_messages_group":[],"rop_publish_now":"initial","rop_publish_now_accounts":{"facebook_10159540855086992_322828327761733":""},"rop_publish_now_history":[],"rop_publish_now_status":"pending","footnotes":""},"categories":[178],"tags":[121,259],"class_list":["post-586424","post","type-post","status-publish","format-standard","has-post-thumbnail","hentry","category-policiaca","tag-huejutla","tag-policiaca","entry"],"_links":{"self":[{"href":"https:\/\/www.zunoticia.com\/noticias-de-hidalgo\/wp-json\/wp\/v2\/posts\/586424","targetHints":{"allow":["GET"]}}],"collection":[{"href":"https:\/\/www.zunoticia.com\/noticias-de-hidalgo\/wp-json\/wp\/v2\/posts"}],"about":[{"href":"https:\/\/www.zunoticia.com\/noticias-de-hidalgo\/wp-json\/wp\/v2\/types\/post"}],"author":[{"embeddable":true,"href":"https:\/\/www.zunoticia.com\/noticias-de-hidalgo\/wp-json\/wp\/v2\/users\/13"}],"replies":[{"embeddable":true,"href":"https:\/\/www.zunoticia.com\/noticias-de-hidalgo\/wp-json\/wp\/v2\/comments?post=586424"}],"version-history":[{"count":1,"href":"https:\/\/www.zunoticia.com\/noticias-de-hidalgo\/wp-json\/wp\/v2\/posts\/586424\/revisions"}],"predecessor-version":[{"id":586425,"href":"https:\/\/www.zunoticia.com\/noticias-de-hidalgo\/wp-json\/wp\/v2\/posts\/586424\/revisions\/586425"}],"wp:featuredmedia":[{"embeddable":true,"href":"https:\/\/www.zunoticia.com\/noticias-de-hidalgo\/wp-json\/wp\/v2\/media\/586418"}],"wp:attachment":[{"href":"https:\/\/www.zunoticia.com\/noticias-de-hidalgo\/wp-json\/wp\/v2\/media?parent=586424"}],"wp:term":[{"taxonomy":"category","embeddable":true,"href":"https:\/\/www.zunoticia.com\/noticias-de-hidalgo\/wp-json\/wp\/v2\/categories?post=586424"},{"taxonomy":"post_tag","embeddable":true,"href":"https:\/\/www.zunoticia.com\/noticias-de-hidalgo\/wp-json\/wp\/v2\/tags?post=586424"}],"curies":[{"name":"wp","href":"https:\/\/api.w.org\/{rel}","templated":true}]}}