{"id":586432,"date":"2025-03-17T00:55:43","date_gmt":"2025-03-17T06:55:43","guid":{"rendered":"https:\/\/www.zunoticia.com\/noticias-de-hidalgo\/?p=586432"},"modified":"2025-03-17T00:55:44","modified_gmt":"2025-03-17T06:55:44","slug":"espejeando-por-perseo-huasteca-147","status":"publish","type":"post","link":"https:\/\/www.zunoticia.com\/noticias-de-hidalgo\/2025\/03\/17\/espejeando-por-perseo-huasteca-147\/","title":{"rendered":"Espejeando Por Perseo Huasteca"},"content":{"rendered":"<aside class=\"mashsb-container mashsb-main mashsb-stretched\"><div class=\"mashsb-box\"><div class=\"mashsb-count mash-large\" style=\"float:left\"><div class=\"counts mashsbcount\">0<\/div><span class=\"mashsb-sharetext\">SHARES<\/span><\/div><div class=\"mashsb-buttons\"><a class=\"mashicon-facebook mash-large mash-center mashsb-noshadow\" href=\"https:\/\/www.facebook.com\/sharer.php?u=https%3A%2F%2Fwww.zunoticia.com%2Fnoticias-de-hidalgo%2F2025%2F03%2F17%2Fespejeando-por-perseo-huasteca-147%2F\" target=\"_top\" rel=\"nofollow\"><span class=\"icon\"><\/span><span class=\"text\">Share<\/span><\/a><a class=\"mashicon-twitter mash-large mash-center mashsb-noshadow\" href=\"https:\/\/twitter.com\/intent\/tweet?text=&amp;url=https:\/\/www.zunoticia.com\/noticias-de-hidalgo\/2025\/03\/17\/espejeando-por-perseo-huasteca-147\/\" target=\"_top\" rel=\"nofollow\"><span class=\"icon\"><\/span><span class=\"text\">Tweet<\/span><\/a><div class=\"onoffswitch2 mash-large mashsb-noshadow\" style=\"display:none\"><\/div><\/div>\n            <\/div>\n                <div style=\"clear:both\"><\/div><div class=\"mashsb-toggle-container\"><\/div><\/aside>\n            <!-- Share buttons by mashshare.net - Version: 4.0.47-->\n<p>\u2022 EN EL TEMA DE LOS acomodos de figuras dentro de las dependencias federales, se esperaban personajes que participaron de cerca en la campa\u00f1a de Claudia Sheinbaum en el estado de Hidalgo, pudieran ocupar ciertos espacios, sobre todo de la l\u00ednea estatal tanto del gobernador como del grupo Morenista que encabeza Abraham Mendoza Zenteno, e incluso de partidos aliados como Nueva Alianza y Partido del Trabajo.<\/p>\n\n\n\n<p>\u2022 Sin embargo llama la atenci\u00f3n que se maneje el nombre de Julio Valera Piedras, excoordinador del Congreso local y uno de los fundadores del llamado Grupo Plural Independiente, a quien tambi\u00e9n se le relaciona con el ex gobernador del estado, el pri\u00edsta Omar Fayad, para ocupar la delegaci\u00f3n de la Secretar\u00eda de Desarrollo Agrario, Territorial y Urbano (SEDATU).<\/p>\n\n\n\n<p>\u2022 El reclamo de los morenistas es que siguen siendo relegados dentro de la estructura de gobierno, en la que se han beneficiado solamente los dirigentes, como el caso de Zenteno quien se mantiene al frente de la Secretar\u00eda de Bienestar en el estado, y quienes respaldaron el proyecto del gobernador Julio Menchaca.<\/p>\n\n\n\n<p>\u2022 Se entiende que la llegada de estas figuras externas, se debe a los pagos de compromisos pol\u00edticos que en su momento se hicieron con grupos como el de Omar Fayad, por parte de la estructura de la entonces candidata Claudia Sheinbaum, y se rumora que no ser\u00e1 el \u00fanico caso de este mismo equipo que ocupe cargos dentro de la estructura federal.<\/p>\n\n\n\n<p>\u2022 El reclamo de los morenistas va en el sentido que no debe considerarse solamente la conveniencia pol\u00edtica, sino una identificaci\u00f3n plena con los ideales de la 4T para evitar que se siga generando divisionismo y no se corrompa desde adentro la estructura.<\/p>\n\n\n\n<p>\u2022 Hay que recordar que est\u00e1 en puerta la elecci\u00f3n de jueces y magistrados en donde se espera que los perfiles que se postulen vayan de acuerdo con la ideolog\u00eda de la Cuarta Transformaci\u00f3n, aunque tambi\u00e9n existe el riesgo que, como estos casos, se les filtren figuras de oposici\u00f3n.<\/p>\n\n\n\n<p>\u2022 As\u00ed mismo se espera que se comience con los preparativos para la consulta popular de la revocaci\u00f3n de mandato, en donde el \u201cPueblo bueno y sabio\u201d, habr\u00e1 de determinar si los gobernantes en turno contin\u00faan con la otra mitad de su mandato o son relevados, por lo que resulta peligroso que desde el nacional se abran las puertas a caballos de Troya.<\/p>\n\n\n\n<p>\u2022 En lo que respecta al tema local, la huasteca ser\u00e1 sin duda el sector que haga la diferencia en cuanto a la revocaci\u00f3n de mandato, toda vez que es donde se genera la mayor cantidad de votos.<\/p>\n","protected":false},"excerpt":{"rendered":"<p>\u2022 EN EL TEMA DE LOS acomodos de figuras dentro de las dependencias federales, se esperaban personajes que participaron de cerca en la campa\u00f1a de Claudia Sheinbaum en el estado de Hidalgo, pudieran ocupar ciertos espacios, sobre todo de la l\u00ednea estatal tanto del gobernador como del grupo Morenista que encabeza Abraham Mendoza Zenteno, e&hellip; <a class=\"more-link\" href=\"https:\/\/www.zunoticia.com\/noticias-de-hidalgo\/2025\/03\/17\/espejeando-por-perseo-huasteca-147\/\">Seguir leyendo <span class=\"screen-reader-text\">Espejeando Por Perseo Huasteca<\/span><\/a><\/p>\n","protected":false},"author":13,"featured_media":586433,"comment_status":"open","ping_status":"open","sticky":false,"template":"","format":"standard","meta":{"rop_custom_images_group":[],"rop_custom_messages_group":[],"rop_publish_now":"initial","rop_publish_now_accounts":{"facebook_10159540855086992_322828327761733":""},"rop_publish_now_history":[],"rop_publish_now_status":"pending","footnotes":""},"categories":[176],"tags":[205],"class_list":["post-586432","post","type-post","status-publish","format-standard","has-post-thumbnail","hentry","category-espejeando","tag-espejeando","entry"],"_links":{"self":[{"href":"https:\/\/www.zunoticia.com\/noticias-de-hidalgo\/wp-json\/wp\/v2\/posts\/586432","targetHints":{"allow":["GET"]}}],"collection":[{"href":"https:\/\/www.zunoticia.com\/noticias-de-hidalgo\/wp-json\/wp\/v2\/posts"}],"about":[{"href":"https:\/\/www.zunoticia.com\/noticias-de-hidalgo\/wp-json\/wp\/v2\/types\/post"}],"author":[{"embeddable":true,"href":"https:\/\/www.zunoticia.com\/noticias-de-hidalgo\/wp-json\/wp\/v2\/users\/13"}],"replies":[{"embeddable":true,"href":"https:\/\/www.zunoticia.com\/noticias-de-hidalgo\/wp-json\/wp\/v2\/comments?post=586432"}],"version-history":[{"count":1,"href":"https:\/\/www.zunoticia.com\/noticias-de-hidalgo\/wp-json\/wp\/v2\/posts\/586432\/revisions"}],"predecessor-version":[{"id":586434,"href":"https:\/\/www.zunoticia.com\/noticias-de-hidalgo\/wp-json\/wp\/v2\/posts\/586432\/revisions\/586434"}],"wp:featuredmedia":[{"embeddable":true,"href":"https:\/\/www.zunoticia.com\/noticias-de-hidalgo\/wp-json\/wp\/v2\/media\/586433"}],"wp:attachment":[{"href":"https:\/\/www.zunoticia.com\/noticias-de-hidalgo\/wp-json\/wp\/v2\/media?parent=586432"}],"wp:term":[{"taxonomy":"category","embeddable":true,"href":"https:\/\/www.zunoticia.com\/noticias-de-hidalgo\/wp-json\/wp\/v2\/categories?post=586432"},{"taxonomy":"post_tag","embeddable":true,"href":"https:\/\/www.zunoticia.com\/noticias-de-hidalgo\/wp-json\/wp\/v2\/tags?post=586432"}],"curies":[{"name":"wp","href":"https:\/\/api.w.org\/{rel}","templated":true}]}}