{"id":586482,"date":"2025-03-17T17:43:33","date_gmt":"2025-03-17T23:43:33","guid":{"rendered":"https:\/\/www.zunoticia.com\/noticias-de-hidalgo\/?p=586482"},"modified":"2025-03-17T17:43:35","modified_gmt":"2025-03-17T23:43:35","slug":"concluyen-los-festejos-laicos-inician-los-religiosos","status":"publish","type":"post","link":"https:\/\/www.zunoticia.com\/noticias-de-hidalgo\/2025\/03\/17\/concluyen-los-festejos-laicos-inician-los-religiosos\/","title":{"rendered":"Concluyen los festejos laicos, inician los religiosos"},"content":{"rendered":"<aside class=\"mashsb-container mashsb-main mashsb-stretched\"><div class=\"mashsb-box\"><div class=\"mashsb-count mash-large\" style=\"float:left\"><div class=\"counts mashsbcount\">0<\/div><span class=\"mashsb-sharetext\">SHARES<\/span><\/div><div class=\"mashsb-buttons\"><a class=\"mashicon-facebook mash-large mash-center mashsb-noshadow\" href=\"https:\/\/www.facebook.com\/sharer.php?u=https%3A%2F%2Fwww.zunoticia.com%2Fnoticias-de-hidalgo%2F2025%2F03%2F17%2Fconcluyen-los-festejos-laicos-inician-los-religiosos%2F\" target=\"_top\" rel=\"nofollow\"><span class=\"icon\"><\/span><span class=\"text\">Share<\/span><\/a><a class=\"mashicon-twitter mash-large mash-center mashsb-noshadow\" href=\"https:\/\/twitter.com\/intent\/tweet?text=&amp;url=https:\/\/www.zunoticia.com\/noticias-de-hidalgo\/2025\/03\/17\/concluyen-los-festejos-laicos-inician-los-religiosos\/\" target=\"_top\" rel=\"nofollow\"><span class=\"icon\"><\/span><span class=\"text\">Tweet<\/span><\/a><div class=\"onoffswitch2 mash-large mashsb-noshadow\" style=\"display:none\"><\/div><\/div>\n            <\/div>\n                <div style=\"clear:both\"><\/div><div class=\"mashsb-toggle-container\"><\/div><\/aside>\n            <!-- Share buttons by mashshare.net - Version: 4.0.47-->\n<p><em>Por Salvador Altamirano\/Zunoticia<\/em><\/p>\n\n\n\n<p><strong>Atlapexco, Hgo<\/strong>.- Habitantes de la poblaci\u00f3n, expresaron que la tradicional festividad en honor a San Jos\u00e9, santo patrono, se integra cada a\u00f1o con actividades laicas y religiosas.<\/p>\n\n\n\n<p>Especificaron que, el festejo laico se llev\u00f3 a cabo del 12 al 16 de marzo, donde hubo diversi\u00f3n y alegr\u00eda sin igual, no obstante, que asisti\u00f3 gran cantidad de personas provenientes de otras latitudes de la regi\u00f3n, no se suscit\u00f3 ning\u00fan hecho que lamentar, todo transcurri\u00f3 con normalidad.<\/p>\n\n\n\n<p>Agregaron que, concluidas estas la noche del domingo, este lunes iniciaron las actividades religiosas, que concluir\u00e1n el 19 de este mes, concretamente en la fecha que el catolicismo tipifica el &#8220;D\u00eda de San Jos\u00e9&#8221;, considerado el patr\u00f3n universal del catolicismo.<\/p>\n\n\n\n<p>A pregunta expresa, reiteraron que, porque ya terminaron las actividades laicas llamadas &#8220;Feria de Atlapexco&#8221;, los comerciantes, for\u00e1neos y locales, desde la ma\u00f1ana de este lunes despejaron las calles en donde estuvieron laborando cinco d\u00edas.<\/p>\n\n\n\n<p>Para finalizar, comentaron que, el motivo de despejar las principales calles de la poblaci\u00f3n, obedece a que del 17 al 19, la celebraci\u00f3n consistir\u00e1 en misas y procesiones, para cerrar con &#8220;broche de oro&#8221;, como se expresa coloquialmente, la fiesta patronal.<\/p>\n\n\n\n<figure class=\"wp-block-image size-full\"><img fetchpriority=\"high\" decoding=\"async\" width=\"933\" height=\"524\" src=\"https:\/\/www.zunoticia.com\/noticias-de-hidalgo\/wp-content\/uploads\/2025\/03\/Zunoticia-Huejutla-1-125.png\" alt=\"\" class=\"wp-image-586484\"\/><\/figure>\n","protected":false},"excerpt":{"rendered":"<p>Por Salvador Altamirano\/Zunoticia Atlapexco, Hgo.- Habitantes de la poblaci\u00f3n, expresaron que la tradicional festividad en honor a San Jos\u00e9, santo patrono, se integra cada a\u00f1o con actividades laicas y religiosas. Especificaron que, el festejo laico se llev\u00f3 a cabo del 12 al 16 de marzo, donde hubo diversi\u00f3n y alegr\u00eda sin igual, no obstante, que&hellip; <a class=\"more-link\" href=\"https:\/\/www.zunoticia.com\/noticias-de-hidalgo\/2025\/03\/17\/concluyen-los-festejos-laicos-inician-los-religiosos\/\">Seguir leyendo <span class=\"screen-reader-text\">Concluyen los festejos laicos, inician los religiosos<\/span><\/a><\/p>\n","protected":false},"author":20,"featured_media":586483,"comment_status":"open","ping_status":"open","sticky":false,"template":"","format":"standard","meta":{"rop_custom_images_group":[],"rop_custom_messages_group":[],"rop_publish_now":"initial","rop_publish_now_accounts":{"facebook_10159540855086992_322828327761733":""},"rop_publish_now_history":[],"rop_publish_now_status":"pending","footnotes":""},"categories":[182,179],"tags":[133,229],"class_list":["post-586482","post","type-post","status-publish","format-standard","has-post-thumbnail","hentry","category-atlapexco","category-huasteca","tag-atlapexco","tag-huasteca","entry"],"_links":{"self":[{"href":"https:\/\/www.zunoticia.com\/noticias-de-hidalgo\/wp-json\/wp\/v2\/posts\/586482","targetHints":{"allow":["GET"]}}],"collection":[{"href":"https:\/\/www.zunoticia.com\/noticias-de-hidalgo\/wp-json\/wp\/v2\/posts"}],"about":[{"href":"https:\/\/www.zunoticia.com\/noticias-de-hidalgo\/wp-json\/wp\/v2\/types\/post"}],"author":[{"embeddable":true,"href":"https:\/\/www.zunoticia.com\/noticias-de-hidalgo\/wp-json\/wp\/v2\/users\/20"}],"replies":[{"embeddable":true,"href":"https:\/\/www.zunoticia.com\/noticias-de-hidalgo\/wp-json\/wp\/v2\/comments?post=586482"}],"version-history":[{"count":1,"href":"https:\/\/www.zunoticia.com\/noticias-de-hidalgo\/wp-json\/wp\/v2\/posts\/586482\/revisions"}],"predecessor-version":[{"id":586485,"href":"https:\/\/www.zunoticia.com\/noticias-de-hidalgo\/wp-json\/wp\/v2\/posts\/586482\/revisions\/586485"}],"wp:featuredmedia":[{"embeddable":true,"href":"https:\/\/www.zunoticia.com\/noticias-de-hidalgo\/wp-json\/wp\/v2\/media\/586483"}],"wp:attachment":[{"href":"https:\/\/www.zunoticia.com\/noticias-de-hidalgo\/wp-json\/wp\/v2\/media?parent=586482"}],"wp:term":[{"taxonomy":"category","embeddable":true,"href":"https:\/\/www.zunoticia.com\/noticias-de-hidalgo\/wp-json\/wp\/v2\/categories?post=586482"},{"taxonomy":"post_tag","embeddable":true,"href":"https:\/\/www.zunoticia.com\/noticias-de-hidalgo\/wp-json\/wp\/v2\/tags?post=586482"}],"curies":[{"name":"wp","href":"https:\/\/api.w.org\/{rel}","templated":true}]}}