{"id":586486,"date":"2025-03-17T17:56:49","date_gmt":"2025-03-17T23:56:49","guid":{"rendered":"https:\/\/www.zunoticia.com\/noticias-de-hidalgo\/?p=586486"},"modified":"2025-03-17T17:56:51","modified_gmt":"2025-03-17T23:56:51","slug":"se-rehabilitara-el-tramo-huejutla-tempoal","status":"publish","type":"post","link":"https:\/\/www.zunoticia.com\/noticias-de-hidalgo\/2025\/03\/17\/se-rehabilitara-el-tramo-huejutla-tempoal\/","title":{"rendered":"Se rehabilitar\u00e1 el tramo Huejutla- Tempoal"},"content":{"rendered":"<aside class=\"mashsb-container mashsb-main mashsb-stretched\"><div class=\"mashsb-box\"><div class=\"mashsb-count mash-large\" style=\"float:left\"><div class=\"counts mashsbcount\">0<\/div><span class=\"mashsb-sharetext\">SHARES<\/span><\/div><div class=\"mashsb-buttons\"><a class=\"mashicon-facebook mash-large mash-center mashsb-noshadow\" href=\"https:\/\/www.facebook.com\/sharer.php?u=https%3A%2F%2Fwww.zunoticia.com%2Fnoticias-de-hidalgo%2F2025%2F03%2F17%2Fse-rehabilitara-el-tramo-huejutla-tempoal%2F\" target=\"_top\" rel=\"nofollow\"><span class=\"icon\"><\/span><span class=\"text\">Share<\/span><\/a><a class=\"mashicon-twitter mash-large mash-center mashsb-noshadow\" href=\"https:\/\/twitter.com\/intent\/tweet?text=&amp;url=https:\/\/www.zunoticia.com\/noticias-de-hidalgo\/2025\/03\/17\/se-rehabilitara-el-tramo-huejutla-tempoal\/\" target=\"_top\" rel=\"nofollow\"><span class=\"icon\"><\/span><span class=\"text\">Tweet<\/span><\/a><div class=\"onoffswitch2 mash-large mashsb-noshadow\" style=\"display:none\"><\/div><\/div>\n            <\/div>\n                <div style=\"clear:both\"><\/div><div class=\"mashsb-toggle-container\"><\/div><\/aside>\n            <!-- Share buttons by mashshare.net - Version: 4.0.47-->\n<p><em>Por Karen Rivera\/ Zunoticia<\/em><\/p>\n\n\n\n<p><strong>Huejutla de Reyes, Hgo<\/strong>.- Tras el anuncio de la gobernadora de Veracruz, Roc\u00edo Nahle Garc\u00eda sobre la reparaci\u00f3n de la v\u00eda federal a P\u00e1nuco, el diputado federal Daniel Andrade Zurutuza, inform\u00f3 que, entabl\u00f3 un di\u00e1logo con el director nacional de Carretera para rehabilitar el tramo Huejutla &#8211; Tempoal.<\/p>\n\n\n\n<p>&#8220;La carretera Huejutla a Tempoal no se tiene dentro del plan nacional para la rehabilitaci\u00f3n, vamos a reconectar la v\u00eda Huejutla- Tamazunchale, pero nuestra conectividad natural tiene que ver con la carretera M\u00e9xico &#8211; Tampico&#8221;, se\u00f1al\u00f3 el diputado federal Daniel Andrade Zurutuza.<\/p>\n\n\n\n<p>Indic\u00f3 &#8220;La v\u00eda M\u00e9xico -Tampico, atraviesa 43 kil\u00f3metros y medio de nuestro municipio, tema que he platicado con mi amigo el gobernador Julio Menchaca Salazar y entre el orden federal, estatal y municipal, vamos a empujar para que este proyecto tambi\u00e9n se pueda dar&#8221;.<\/p>\n\n\n\n<p>Recalc\u00f3 que, esta ruta favorece el tema comercial, de salud y educativo, as\u00ed como el intercambio con el norte de Veracruz y el puerto de Tampico, Tamaulipas.<\/p>\n","protected":false},"excerpt":{"rendered":"<p>Por Karen Rivera\/ Zunoticia Huejutla de Reyes, Hgo.- Tras el anuncio de la gobernadora de Veracruz, Roc\u00edo Nahle Garc\u00eda sobre la reparaci\u00f3n de la v\u00eda federal a P\u00e1nuco, el diputado federal Daniel Andrade Zurutuza, inform\u00f3 que, entabl\u00f3 un di\u00e1logo con el director nacional de Carretera para rehabilitar el tramo Huejutla &#8211; Tempoal. &#8220;La carretera Huejutla&hellip; <a class=\"more-link\" href=\"https:\/\/www.zunoticia.com\/noticias-de-hidalgo\/2025\/03\/17\/se-rehabilitara-el-tramo-huejutla-tempoal\/\">Seguir leyendo <span class=\"screen-reader-text\">Se rehabilitar\u00e1 el tramo Huejutla- Tempoal<\/span><\/a><\/p>\n","protected":false},"author":20,"featured_media":586487,"comment_status":"open","ping_status":"open","sticky":false,"template":"","format":"standard","meta":{"rop_custom_images_group":[],"rop_custom_messages_group":[],"rop_publish_now":"initial","rop_publish_now_accounts":{"facebook_10159540855086992_322828327761733":""},"rop_publish_now_history":[],"rop_publish_now_status":"pending","footnotes":""},"categories":[181],"tags":[121],"class_list":["post-586486","post","type-post","status-publish","format-standard","has-post-thumbnail","hentry","category-huejutla","tag-huejutla","entry"],"_links":{"self":[{"href":"https:\/\/www.zunoticia.com\/noticias-de-hidalgo\/wp-json\/wp\/v2\/posts\/586486","targetHints":{"allow":["GET"]}}],"collection":[{"href":"https:\/\/www.zunoticia.com\/noticias-de-hidalgo\/wp-json\/wp\/v2\/posts"}],"about":[{"href":"https:\/\/www.zunoticia.com\/noticias-de-hidalgo\/wp-json\/wp\/v2\/types\/post"}],"author":[{"embeddable":true,"href":"https:\/\/www.zunoticia.com\/noticias-de-hidalgo\/wp-json\/wp\/v2\/users\/20"}],"replies":[{"embeddable":true,"href":"https:\/\/www.zunoticia.com\/noticias-de-hidalgo\/wp-json\/wp\/v2\/comments?post=586486"}],"version-history":[{"count":1,"href":"https:\/\/www.zunoticia.com\/noticias-de-hidalgo\/wp-json\/wp\/v2\/posts\/586486\/revisions"}],"predecessor-version":[{"id":586488,"href":"https:\/\/www.zunoticia.com\/noticias-de-hidalgo\/wp-json\/wp\/v2\/posts\/586486\/revisions\/586488"}],"wp:featuredmedia":[{"embeddable":true,"href":"https:\/\/www.zunoticia.com\/noticias-de-hidalgo\/wp-json\/wp\/v2\/media\/586487"}],"wp:attachment":[{"href":"https:\/\/www.zunoticia.com\/noticias-de-hidalgo\/wp-json\/wp\/v2\/media?parent=586486"}],"wp:term":[{"taxonomy":"category","embeddable":true,"href":"https:\/\/www.zunoticia.com\/noticias-de-hidalgo\/wp-json\/wp\/v2\/categories?post=586486"},{"taxonomy":"post_tag","embeddable":true,"href":"https:\/\/www.zunoticia.com\/noticias-de-hidalgo\/wp-json\/wp\/v2\/tags?post=586486"}],"curies":[{"name":"wp","href":"https:\/\/api.w.org\/{rel}","templated":true}]}}