{"id":586492,"date":"2025-03-17T18:06:24","date_gmt":"2025-03-18T00:06:24","guid":{"rendered":"https:\/\/www.zunoticia.com\/noticias-de-hidalgo\/?p=586492"},"modified":"2025-03-17T18:06:25","modified_gmt":"2025-03-18T00:06:25","slug":"danos-materiales-dejo-un-choque-de-motocicleta-con-automovil","status":"publish","type":"post","link":"https:\/\/www.zunoticia.com\/noticias-de-hidalgo\/2025\/03\/17\/danos-materiales-dejo-un-choque-de-motocicleta-con-automovil\/","title":{"rendered":"Da\u00f1os materiales dej\u00f3 un choque de motocicleta con autom\u00f3vil"},"content":{"rendered":"<aside class=\"mashsb-container mashsb-main mashsb-stretched\"><div class=\"mashsb-box\"><div class=\"mashsb-count mash-large\" style=\"float:left\"><div class=\"counts mashsbcount\">0<\/div><span class=\"mashsb-sharetext\">SHARES<\/span><\/div><div class=\"mashsb-buttons\"><a class=\"mashicon-facebook mash-large mash-center mashsb-noshadow\" href=\"https:\/\/www.facebook.com\/sharer.php?u=https%3A%2F%2Fwww.zunoticia.com%2Fnoticias-de-hidalgo%2F2025%2F03%2F17%2Fdanos-materiales-dejo-un-choque-de-motocicleta-con-automovil%2F\" target=\"_top\" rel=\"nofollow\"><span class=\"icon\"><\/span><span class=\"text\">Share<\/span><\/a><a class=\"mashicon-twitter mash-large mash-center mashsb-noshadow\" href=\"https:\/\/twitter.com\/intent\/tweet?text=&amp;url=https:\/\/www.zunoticia.com\/noticias-de-hidalgo\/2025\/03\/17\/danos-materiales-dejo-un-choque-de-motocicleta-con-automovil\/\" target=\"_top\" rel=\"nofollow\"><span class=\"icon\"><\/span><span class=\"text\">Tweet<\/span><\/a><div class=\"onoffswitch2 mash-large mashsb-noshadow\" style=\"display:none\"><\/div><\/div>\n            <\/div>\n                <div style=\"clear:both\"><\/div><div class=\"mashsb-toggle-container\"><\/div><\/aside>\n            <!-- Share buttons by mashshare.net - Version: 4.0.47-->\n<p><em>Por Roberto Ram\u00edrez \/Zunoticia<\/em><\/p>\n\n\n\n<p><strong>Huejutla, Hgo<\/strong>. &#8211; El choque entre una motocicleta y un autom\u00f3vil dej\u00f3 s\u00f3lo da\u00f1os materiales, el accidente ocurri\u00f3 sobre la calle Escuadr\u00f3n 201 de la colonia Aviaci\u00f3n Civil, donde al parecer, la falta de precauci\u00f3n fue el factor para que se diera este accidente.<\/p>\n\n\n\n<p>El choque se registr\u00f3 entre una motocicleta y un autom\u00f3vil, la tarde de este lunes; el motociclista se impact\u00f3 en el veh\u00edculo automotriz Jetta, color rojo, en donde los conductores tras el di\u00e1logo lograron llegar a un acuerdo, ya que este accidente s\u00f3lo gener\u00f3 da\u00f1os materiales.<\/p>\n\n\n\n<p>El percance se hab\u00eda registrado ante la falta de precauci\u00f3n del conductor de la motocicleta, afortunadamente no pas\u00f3 a mayores; Al lugar arribaron elementos de la Tr\u00e1nsito Municipal, pero los implicados ya se hab\u00edan retirado.<\/p>\n","protected":false},"excerpt":{"rendered":"<p>Por Roberto Ram\u00edrez \/Zunoticia Huejutla, Hgo. &#8211; El choque entre una motocicleta y un autom\u00f3vil dej\u00f3 s\u00f3lo da\u00f1os materiales, el accidente ocurri\u00f3 sobre la calle Escuadr\u00f3n 201 de la colonia Aviaci\u00f3n Civil, donde al parecer, la falta de precauci\u00f3n fue el factor para que se diera este accidente. El choque se registr\u00f3 entre una motocicleta&hellip; <a class=\"more-link\" href=\"https:\/\/www.zunoticia.com\/noticias-de-hidalgo\/2025\/03\/17\/danos-materiales-dejo-un-choque-de-motocicleta-con-automovil\/\">Seguir leyendo <span class=\"screen-reader-text\">Da\u00f1os materiales dej\u00f3 un choque de motocicleta con autom\u00f3vil<\/span><\/a><\/p>\n","protected":false},"author":20,"featured_media":586493,"comment_status":"open","ping_status":"open","sticky":false,"template":"","format":"standard","meta":{"rop_custom_images_group":[],"rop_custom_messages_group":[],"rop_publish_now":"initial","rop_publish_now_accounts":{"facebook_10159540855086992_322828327761733":""},"rop_publish_now_history":[],"rop_publish_now_status":"pending","footnotes":""},"categories":[178],"tags":[259],"class_list":["post-586492","post","type-post","status-publish","format-standard","has-post-thumbnail","hentry","category-policiaca","tag-policiaca","entry"],"_links":{"self":[{"href":"https:\/\/www.zunoticia.com\/noticias-de-hidalgo\/wp-json\/wp\/v2\/posts\/586492","targetHints":{"allow":["GET"]}}],"collection":[{"href":"https:\/\/www.zunoticia.com\/noticias-de-hidalgo\/wp-json\/wp\/v2\/posts"}],"about":[{"href":"https:\/\/www.zunoticia.com\/noticias-de-hidalgo\/wp-json\/wp\/v2\/types\/post"}],"author":[{"embeddable":true,"href":"https:\/\/www.zunoticia.com\/noticias-de-hidalgo\/wp-json\/wp\/v2\/users\/20"}],"replies":[{"embeddable":true,"href":"https:\/\/www.zunoticia.com\/noticias-de-hidalgo\/wp-json\/wp\/v2\/comments?post=586492"}],"version-history":[{"count":1,"href":"https:\/\/www.zunoticia.com\/noticias-de-hidalgo\/wp-json\/wp\/v2\/posts\/586492\/revisions"}],"predecessor-version":[{"id":586494,"href":"https:\/\/www.zunoticia.com\/noticias-de-hidalgo\/wp-json\/wp\/v2\/posts\/586492\/revisions\/586494"}],"wp:featuredmedia":[{"embeddable":true,"href":"https:\/\/www.zunoticia.com\/noticias-de-hidalgo\/wp-json\/wp\/v2\/media\/586493"}],"wp:attachment":[{"href":"https:\/\/www.zunoticia.com\/noticias-de-hidalgo\/wp-json\/wp\/v2\/media?parent=586492"}],"wp:term":[{"taxonomy":"category","embeddable":true,"href":"https:\/\/www.zunoticia.com\/noticias-de-hidalgo\/wp-json\/wp\/v2\/categories?post=586492"},{"taxonomy":"post_tag","embeddable":true,"href":"https:\/\/www.zunoticia.com\/noticias-de-hidalgo\/wp-json\/wp\/v2\/tags?post=586492"}],"curies":[{"name":"wp","href":"https:\/\/api.w.org\/{rel}","templated":true}]}}