{"id":586511,"date":"2025-03-17T18:52:04","date_gmt":"2025-03-18T00:52:04","guid":{"rendered":"https:\/\/www.zunoticia.com\/noticias-de-hidalgo\/?p=586511"},"modified":"2025-03-17T18:52:05","modified_gmt":"2025-03-18T00:52:05","slug":"celebraran-en-la-colonia-san-jose-la-fiesta-patronal","status":"publish","type":"post","link":"https:\/\/www.zunoticia.com\/noticias-de-hidalgo\/2025\/03\/17\/celebraran-en-la-colonia-san-jose-la-fiesta-patronal\/","title":{"rendered":"Celebrar\u00e1n en la colonia San Jos\u00e9 la Fiesta Patronal"},"content":{"rendered":"<aside class=\"mashsb-container mashsb-main mashsb-stretched\"><div class=\"mashsb-box\"><div class=\"mashsb-count mash-large\" style=\"float:left\"><div class=\"counts mashsbcount\">0<\/div><span class=\"mashsb-sharetext\">SHARES<\/span><\/div><div class=\"mashsb-buttons\"><a class=\"mashicon-facebook mash-large mash-center mashsb-noshadow\" href=\"https:\/\/www.facebook.com\/sharer.php?u=https%3A%2F%2Fwww.zunoticia.com%2Fnoticias-de-hidalgo%2F2025%2F03%2F17%2Fcelebraran-en-la-colonia-san-jose-la-fiesta-patronal%2F\" target=\"_top\" rel=\"nofollow\"><span class=\"icon\"><\/span><span class=\"text\">Share<\/span><\/a><a class=\"mashicon-twitter mash-large mash-center mashsb-noshadow\" href=\"https:\/\/twitter.com\/intent\/tweet?text=&amp;url=https:\/\/www.zunoticia.com\/noticias-de-hidalgo\/2025\/03\/17\/celebraran-en-la-colonia-san-jose-la-fiesta-patronal\/\" target=\"_top\" rel=\"nofollow\"><span class=\"icon\"><\/span><span class=\"text\">Tweet<\/span><\/a><div class=\"onoffswitch2 mash-large mashsb-noshadow\" style=\"display:none\"><\/div><\/div>\n            <\/div>\n                <div style=\"clear:both\"><\/div><div class=\"mashsb-toggle-container\"><\/div><\/aside>\n            <!-- Share buttons by mashshare.net - Version: 4.0.47-->\n<p><em>Por Enedino Hern\u00e1ndez Alonso\/Zunoticia<\/em><\/p>\n\n\n\n<p><strong>Huejutla, Hgo<\/strong>. &#8211; Con toda anticipaci\u00f3n, vecinos de la colonia San Jos\u00e9 se han programado para realizar diversas actividades religiosas con motivo de la Fiesta Patronal de San Jos\u00e9, as\u00ed lo confirm\u00f3 la delegada municipal de dicho sector poblacional, Floriberta Orta Bautista.<\/p>\n\n\n\n<p>Dijo que, la imagen de San Jos\u00e9 se traer\u00e1 a partir de las cinco de la tarde, del martes 18 de marzo, desde la parroquia San Judas Tadeo de la colonia Obrera, en procesi\u00f3n hasta llegar a la colonia en donde se har\u00e1 un recorrido por las diversas calles para finalmente llegar a la capilla para la velaci\u00f3n.<\/p>\n\n\n\n<p>Asimismo, explic\u00f3 que, a las nueve de la noche se ha programado una misa, en donde adem\u00e1s se espera tener a los danzantes, con m\u00fasica de banda y toda la noche ser\u00e1 de velaci\u00f3n.<\/p>\n\n\n\n<p>Para el d\u00eda 19 de marzo todo el d\u00eda se tendr\u00e1 la banda y a las cinco de la tarde nuevamente una misa al Santo Patrono San Jos\u00e9; indic\u00f3 que, esta fiesta patronal ya tiene mucho tiempo o muchos a\u00f1os en que se lleva a cabo.<\/p>\n\n\n\n<p>Floriberta Orta Bautista, confi\u00f3 en que, se tendr\u00e1 una buena participaci\u00f3n por parte de los vecinos de la colonia San Jos\u00e9 en esta fiesta Patronal, \u201cque nos acompa\u00f1en a traer la imagen, al recorrido y que acudan a la celebraci\u00f3n de las dos misas, ya est\u00e1 todo debidamente preparado\u201d.<\/p>\n","protected":false},"excerpt":{"rendered":"<p>Por Enedino Hern\u00e1ndez Alonso\/Zunoticia Huejutla, Hgo. &#8211; Con toda anticipaci\u00f3n, vecinos de la colonia San Jos\u00e9 se han programado para realizar diversas actividades religiosas con motivo de la Fiesta Patronal de San Jos\u00e9, as\u00ed lo confirm\u00f3 la delegada municipal de dicho sector poblacional, Floriberta Orta Bautista. Dijo que, la imagen de San Jos\u00e9 se traer\u00e1&hellip; <a class=\"more-link\" href=\"https:\/\/www.zunoticia.com\/noticias-de-hidalgo\/2025\/03\/17\/celebraran-en-la-colonia-san-jose-la-fiesta-patronal\/\">Seguir leyendo <span class=\"screen-reader-text\">Celebrar\u00e1n en la colonia San Jos\u00e9 la Fiesta Patronal<\/span><\/a><\/p>\n","protected":false},"author":20,"featured_media":586512,"comment_status":"open","ping_status":"open","sticky":false,"template":"","format":"standard","meta":{"rop_custom_images_group":[],"rop_custom_messages_group":[],"rop_publish_now":"initial","rop_publish_now_accounts":{"facebook_10159540855086992_322828327761733":""},"rop_publish_now_history":[],"rop_publish_now_status":"pending","footnotes":""},"categories":[181],"tags":[121],"class_list":["post-586511","post","type-post","status-publish","format-standard","has-post-thumbnail","hentry","category-huejutla","tag-huejutla","entry"],"_links":{"self":[{"href":"https:\/\/www.zunoticia.com\/noticias-de-hidalgo\/wp-json\/wp\/v2\/posts\/586511","targetHints":{"allow":["GET"]}}],"collection":[{"href":"https:\/\/www.zunoticia.com\/noticias-de-hidalgo\/wp-json\/wp\/v2\/posts"}],"about":[{"href":"https:\/\/www.zunoticia.com\/noticias-de-hidalgo\/wp-json\/wp\/v2\/types\/post"}],"author":[{"embeddable":true,"href":"https:\/\/www.zunoticia.com\/noticias-de-hidalgo\/wp-json\/wp\/v2\/users\/20"}],"replies":[{"embeddable":true,"href":"https:\/\/www.zunoticia.com\/noticias-de-hidalgo\/wp-json\/wp\/v2\/comments?post=586511"}],"version-history":[{"count":1,"href":"https:\/\/www.zunoticia.com\/noticias-de-hidalgo\/wp-json\/wp\/v2\/posts\/586511\/revisions"}],"predecessor-version":[{"id":586513,"href":"https:\/\/www.zunoticia.com\/noticias-de-hidalgo\/wp-json\/wp\/v2\/posts\/586511\/revisions\/586513"}],"wp:featuredmedia":[{"embeddable":true,"href":"https:\/\/www.zunoticia.com\/noticias-de-hidalgo\/wp-json\/wp\/v2\/media\/586512"}],"wp:attachment":[{"href":"https:\/\/www.zunoticia.com\/noticias-de-hidalgo\/wp-json\/wp\/v2\/media?parent=586511"}],"wp:term":[{"taxonomy":"category","embeddable":true,"href":"https:\/\/www.zunoticia.com\/noticias-de-hidalgo\/wp-json\/wp\/v2\/categories?post=586511"},{"taxonomy":"post_tag","embeddable":true,"href":"https:\/\/www.zunoticia.com\/noticias-de-hidalgo\/wp-json\/wp\/v2\/tags?post=586511"}],"curies":[{"name":"wp","href":"https:\/\/api.w.org\/{rel}","templated":true}]}}