{"id":586521,"date":"2025-03-17T19:13:01","date_gmt":"2025-03-18T01:13:01","guid":{"rendered":"https:\/\/www.zunoticia.com\/noticias-de-hidalgo\/?p=586521"},"modified":"2025-03-17T19:13:03","modified_gmt":"2025-03-18T01:13:03","slug":"destaca-alumna-del-cecyte-huejutla-en-festival-academico-nacional-de-ciencia-y-tecnologia","status":"publish","type":"post","link":"https:\/\/www.zunoticia.com\/noticias-de-hidalgo\/2025\/03\/17\/destaca-alumna-del-cecyte-huejutla-en-festival-academico-nacional-de-ciencia-y-tecnologia\/","title":{"rendered":"Destaca alumna del Cecyte Huejutla en Festival acad\u00e9mico nacional de Ciencia y tecnolog\u00eda"},"content":{"rendered":"<aside class=\"mashsb-container mashsb-main mashsb-stretched\"><div class=\"mashsb-box\"><div class=\"mashsb-count mash-large\" style=\"float:left\"><div class=\"counts mashsbcount\">0<\/div><span class=\"mashsb-sharetext\">SHARES<\/span><\/div><div class=\"mashsb-buttons\"><a class=\"mashicon-facebook mash-large mash-center mashsb-noshadow\" href=\"https:\/\/www.facebook.com\/sharer.php?u=https%3A%2F%2Fwww.zunoticia.com%2Fnoticias-de-hidalgo%2F2025%2F03%2F17%2Fdestaca-alumna-del-cecyte-huejutla-en-festival-academico-nacional-de-ciencia-y-tecnologia%2F\" target=\"_top\" rel=\"nofollow\"><span class=\"icon\"><\/span><span class=\"text\">Share<\/span><\/a><a class=\"mashicon-twitter mash-large mash-center mashsb-noshadow\" href=\"https:\/\/twitter.com\/intent\/tweet?text=&amp;url=https:\/\/www.zunoticia.com\/noticias-de-hidalgo\/2025\/03\/17\/destaca-alumna-del-cecyte-huejutla-en-festival-academico-nacional-de-ciencia-y-tecnologia\/\" target=\"_top\" rel=\"nofollow\"><span class=\"icon\"><\/span><span class=\"text\">Tweet<\/span><\/a><div class=\"onoffswitch2 mash-large mashsb-noshadow\" style=\"display:none\"><\/div><\/div>\n            <\/div>\n                <div style=\"clear:both\"><\/div><div class=\"mashsb-toggle-container\"><\/div><\/aside>\n            <!-- Share buttons by mashshare.net - Version: 4.0.47-->\n<p><em>Por Gabriela Hern\u00e1ndez\/Zunoticia<\/em><\/p>\n\n\n\n<p><strong>Huejutla, Hgo<\/strong>. &#8211; La alumna Aymar Estephani Azura Lara del Cecyte plantel Huejutla, fue ganadora del festival acad\u00e9mico de la etapa estatal 2025, representante del Cecyte Hidalgo en &#8220;Temas de filosof\u00eda&#8221;.<\/p>\n\n\n\n<p>Clasificando a la etapa nacional que se desarrollar\u00e1 del 2 al 4 de abril, en Valladolid, Yucat\u00e1n, tendr\u00e1 la oportunidad para fortalecer el desempe\u00f1o acad\u00e9mico y asegurar la calidad de los conocimientos evaluados.<\/p>\n\n\n\n<p>El Cecyte Huejutla que dirige la Dr. Mayra Orta Hern\u00e1ndez, reafirma su compromiso con la excelencia acad\u00e9mica y el impulso del talento juvenil, promoviendo los espacios de aprendizajes y superaci\u00f3n que permitan a los estudiantes alcanzar nuevas metas y desaf\u00edos.<\/p>\n\n\n\n<p>&#8220;Estamos muy orgullosos de nuestra alumna, nos representan no s\u00f3lo a la poblaci\u00f3n huejutlense, sino tambi\u00e9n al estado de Hidalgo en este evento nacional\u201d mencion\u00f3 la directora del plantel.<\/p>\n","protected":false},"excerpt":{"rendered":"<p>Por Gabriela Hern\u00e1ndez\/Zunoticia Huejutla, Hgo. &#8211; La alumna Aymar Estephani Azura Lara del Cecyte plantel Huejutla, fue ganadora del festival acad\u00e9mico de la etapa estatal 2025, representante del Cecyte Hidalgo en &#8220;Temas de filosof\u00eda&#8221;. Clasificando a la etapa nacional que se desarrollar\u00e1 del 2 al 4 de abril, en Valladolid, Yucat\u00e1n, tendr\u00e1 la oportunidad para&hellip; <a class=\"more-link\" href=\"https:\/\/www.zunoticia.com\/noticias-de-hidalgo\/2025\/03\/17\/destaca-alumna-del-cecyte-huejutla-en-festival-academico-nacional-de-ciencia-y-tecnologia\/\">Seguir leyendo <span class=\"screen-reader-text\">Destaca alumna del Cecyte Huejutla en Festival acad\u00e9mico nacional de Ciencia y tecnolog\u00eda<\/span><\/a><\/p>\n","protected":false},"author":20,"featured_media":586522,"comment_status":"open","ping_status":"open","sticky":false,"template":"","format":"standard","meta":{"rop_custom_images_group":[],"rop_custom_messages_group":[],"rop_publish_now":"initial","rop_publish_now_accounts":{"facebook_10159540855086992_322828327761733":""},"rop_publish_now_history":[],"rop_publish_now_status":"pending","footnotes":""},"categories":[181],"tags":[121],"class_list":["post-586521","post","type-post","status-publish","format-standard","has-post-thumbnail","hentry","category-huejutla","tag-huejutla","entry"],"_links":{"self":[{"href":"https:\/\/www.zunoticia.com\/noticias-de-hidalgo\/wp-json\/wp\/v2\/posts\/586521","targetHints":{"allow":["GET"]}}],"collection":[{"href":"https:\/\/www.zunoticia.com\/noticias-de-hidalgo\/wp-json\/wp\/v2\/posts"}],"about":[{"href":"https:\/\/www.zunoticia.com\/noticias-de-hidalgo\/wp-json\/wp\/v2\/types\/post"}],"author":[{"embeddable":true,"href":"https:\/\/www.zunoticia.com\/noticias-de-hidalgo\/wp-json\/wp\/v2\/users\/20"}],"replies":[{"embeddable":true,"href":"https:\/\/www.zunoticia.com\/noticias-de-hidalgo\/wp-json\/wp\/v2\/comments?post=586521"}],"version-history":[{"count":1,"href":"https:\/\/www.zunoticia.com\/noticias-de-hidalgo\/wp-json\/wp\/v2\/posts\/586521\/revisions"}],"predecessor-version":[{"id":586523,"href":"https:\/\/www.zunoticia.com\/noticias-de-hidalgo\/wp-json\/wp\/v2\/posts\/586521\/revisions\/586523"}],"wp:featuredmedia":[{"embeddable":true,"href":"https:\/\/www.zunoticia.com\/noticias-de-hidalgo\/wp-json\/wp\/v2\/media\/586522"}],"wp:attachment":[{"href":"https:\/\/www.zunoticia.com\/noticias-de-hidalgo\/wp-json\/wp\/v2\/media?parent=586521"}],"wp:term":[{"taxonomy":"category","embeddable":true,"href":"https:\/\/www.zunoticia.com\/noticias-de-hidalgo\/wp-json\/wp\/v2\/categories?post=586521"},{"taxonomy":"post_tag","embeddable":true,"href":"https:\/\/www.zunoticia.com\/noticias-de-hidalgo\/wp-json\/wp\/v2\/tags?post=586521"}],"curies":[{"name":"wp","href":"https:\/\/api.w.org\/{rel}","templated":true}]}}