{"id":586649,"date":"2025-03-19T10:24:37","date_gmt":"2025-03-19T16:24:37","guid":{"rendered":"https:\/\/www.zunoticia.com\/noticias-de-hidalgo\/?p=586649"},"modified":"2025-03-19T10:24:41","modified_gmt":"2025-03-19T16:24:41","slug":"realizan-evento-intercultural-por-el-dia-internacional-del-artesano","status":"publish","type":"post","link":"https:\/\/www.zunoticia.com\/noticias-de-hidalgo\/2025\/03\/19\/realizan-evento-intercultural-por-el-dia-internacional-del-artesano\/","title":{"rendered":"Realizan Evento Intercultural por el D\u00eda Internacional del Artesano"},"content":{"rendered":"<aside class=\"mashsb-container mashsb-main mashsb-stretched\"><div class=\"mashsb-box\"><div class=\"mashsb-count mash-large\" style=\"float:left\"><div class=\"counts mashsbcount\">0<\/div><span class=\"mashsb-sharetext\">SHARES<\/span><\/div><div class=\"mashsb-buttons\"><a class=\"mashicon-facebook mash-large mash-center mashsb-noshadow\" href=\"https:\/\/www.facebook.com\/sharer.php?u=https%3A%2F%2Fwww.zunoticia.com%2Fnoticias-de-hidalgo%2F2025%2F03%2F19%2Frealizan-evento-intercultural-por-el-dia-internacional-del-artesano%2F\" target=\"_top\" rel=\"nofollow\"><span class=\"icon\"><\/span><span class=\"text\">Share<\/span><\/a><a class=\"mashicon-twitter mash-large mash-center mashsb-noshadow\" href=\"https:\/\/twitter.com\/intent\/tweet?text=&amp;url=https:\/\/www.zunoticia.com\/noticias-de-hidalgo\/2025\/03\/19\/realizan-evento-intercultural-por-el-dia-internacional-del-artesano\/\" target=\"_top\" rel=\"nofollow\"><span class=\"icon\"><\/span><span class=\"text\">Tweet<\/span><\/a><div class=\"onoffswitch2 mash-large mashsb-noshadow\" style=\"display:none\"><\/div><\/div>\n            <\/div>\n                <div style=\"clear:both\"><\/div><div class=\"mashsb-toggle-container\"><\/div><\/aside>\n            <!-- Share buttons by mashshare.net - Version: 4.0.47-->\n<p><em>Por Enedino Hern\u00e1ndez Alonso\/Zunoticia<\/em><\/p>\n\n\n\n<p><strong>Huejutla, Hidalgo. &#8211;<\/strong> Con la finalidad de celebrar la diversidad cultural y destacar la importancia de la artesan\u00eda, la presidencia municipal de Huejutla en coordinaci\u00f3n con la direcci\u00f3n de desarrollo econ\u00f3mico realiza el evento Intercultural por el D\u00eda Internacional del Artesano.<\/p>\n\n\n\n<p>El Evento Intercultural se lleva a cabo los d\u00edas 19 y 20 de marzo en la Plaza 21 de mayo de esta ciudad en d\u00f3nde participan artesanos de Atlapexco, Xochiatipan, Ixmiquilpan, Jaltoc\u00e1n, San Felipe Orizatlan, Canalil y Huautla.<\/p>\n\n\n\n<p>En el evento inicial con la representaci\u00f3n del presidente municipal de Huejutla, Alfredo San Rom\u00e1n, estuvo el secretario municipal, Jos\u00e9 Luis Fayad Torres; la directora de desarrollo econ\u00f3mico, Herlinne Margot Hern\u00e1ndez; la regidora con el cargo de presidenta de la comisi\u00f3n de desarrollo econ\u00f3mico, Isabel Lara Santos; la regidora con cargo de secretaria de la comisi\u00f3n de desarrollo econ\u00f3mico, Citlaly Ruiz; el presidente de la asociaci\u00f3n de hoteles y moteles, Jos\u00e9 Luis Aguirre Zavala.<\/p>\n\n\n\n<figure class=\"wp-block-image size-full\"><img fetchpriority=\"high\" decoding=\"async\" width=\"1280\" height=\"720\" src=\"https:\/\/www.zunoticia.com\/noticias-de-hidalgo\/wp-content\/uploads\/2025\/03\/WhatsApp-Image-2025-03-19-at-10.17.22-AM.jpeg\" alt=\"\" class=\"wp-image-586651\"\/><\/figure>\n\n\n\n<p>Con esta actividad se esperan alcanzar diversos resultados, como es obtener una mayor conciencia y aprecio por la diversidad cultural y con ello los municipios tengan una mayor comprensi\u00f3n y aprecio por la riqueza cultural.<\/p>\n\n\n\n<p>En el fortalecimiento de la cooperaci\u00f3n y el intercambio cultural, se establecer\u00e1n v\u00ednculos entre los artesanos y la comunidad en general, y se fomentar\u00e1 la cooperaci\u00f3n y el intercambio cultural.<\/p>\n\n\n\n<p>Finalmente, se destaca que los artesanos procedentes de diversos municipios permanecer\u00e1n en la plaza 21 de mayo de Huejutla durante los d\u00edas 19 y 20 de marzo, espacio en d\u00f3nde la poblaci\u00f3n tiene la oportunidad de apreciar y adquirir diversas piezas artesanales en tela, barro, madera, entre otros.<\/p>\n","protected":false},"excerpt":{"rendered":"<p>Por Enedino Hern\u00e1ndez Alonso\/Zunoticia Huejutla, Hidalgo. &#8211; Con la finalidad de celebrar la diversidad cultural y destacar la importancia de la artesan\u00eda, la presidencia municipal de Huejutla en coordinaci\u00f3n con la direcci\u00f3n de desarrollo econ\u00f3mico realiza el evento Intercultural por el D\u00eda Internacional del Artesano. El Evento Intercultural se lleva a cabo los d\u00edas 19&hellip; <a class=\"more-link\" href=\"https:\/\/www.zunoticia.com\/noticias-de-hidalgo\/2025\/03\/19\/realizan-evento-intercultural-por-el-dia-internacional-del-artesano\/\">Seguir leyendo <span class=\"screen-reader-text\">Realizan Evento Intercultural por el D\u00eda Internacional del Artesano<\/span><\/a><\/p>\n","protected":false},"author":23,"featured_media":586650,"comment_status":"open","ping_status":"open","sticky":false,"template":"","format":"standard","meta":{"rop_custom_images_group":[],"rop_custom_messages_group":[],"rop_publish_now":"initial","rop_publish_now_accounts":{"facebook_10159540855086992_322828327761733":""},"rop_publish_now_history":[],"rop_publish_now_status":"pending","footnotes":""},"categories":[181],"tags":[121],"class_list":["post-586649","post","type-post","status-publish","format-standard","has-post-thumbnail","hentry","category-huejutla","tag-huejutla","entry"],"_links":{"self":[{"href":"https:\/\/www.zunoticia.com\/noticias-de-hidalgo\/wp-json\/wp\/v2\/posts\/586649","targetHints":{"allow":["GET"]}}],"collection":[{"href":"https:\/\/www.zunoticia.com\/noticias-de-hidalgo\/wp-json\/wp\/v2\/posts"}],"about":[{"href":"https:\/\/www.zunoticia.com\/noticias-de-hidalgo\/wp-json\/wp\/v2\/types\/post"}],"author":[{"embeddable":true,"href":"https:\/\/www.zunoticia.com\/noticias-de-hidalgo\/wp-json\/wp\/v2\/users\/23"}],"replies":[{"embeddable":true,"href":"https:\/\/www.zunoticia.com\/noticias-de-hidalgo\/wp-json\/wp\/v2\/comments?post=586649"}],"version-history":[{"count":1,"href":"https:\/\/www.zunoticia.com\/noticias-de-hidalgo\/wp-json\/wp\/v2\/posts\/586649\/revisions"}],"predecessor-version":[{"id":586652,"href":"https:\/\/www.zunoticia.com\/noticias-de-hidalgo\/wp-json\/wp\/v2\/posts\/586649\/revisions\/586652"}],"wp:featuredmedia":[{"embeddable":true,"href":"https:\/\/www.zunoticia.com\/noticias-de-hidalgo\/wp-json\/wp\/v2\/media\/586650"}],"wp:attachment":[{"href":"https:\/\/www.zunoticia.com\/noticias-de-hidalgo\/wp-json\/wp\/v2\/media?parent=586649"}],"wp:term":[{"taxonomy":"category","embeddable":true,"href":"https:\/\/www.zunoticia.com\/noticias-de-hidalgo\/wp-json\/wp\/v2\/categories?post=586649"},{"taxonomy":"post_tag","embeddable":true,"href":"https:\/\/www.zunoticia.com\/noticias-de-hidalgo\/wp-json\/wp\/v2\/tags?post=586649"}],"curies":[{"name":"wp","href":"https:\/\/api.w.org\/{rel}","templated":true}]}}