{"id":586654,"date":"2025-03-19T12:31:06","date_gmt":"2025-03-19T18:31:06","guid":{"rendered":"https:\/\/www.zunoticia.com\/noticias-de-hidalgo\/?p=586654"},"modified":"2025-03-19T12:31:09","modified_gmt":"2025-03-19T18:31:09","slug":"presidencia-programa-desfile-de-preescolar-por-inicio-de-la-primavera","status":"publish","type":"post","link":"https:\/\/www.zunoticia.com\/noticias-de-hidalgo\/2025\/03\/19\/presidencia-programa-desfile-de-preescolar-por-inicio-de-la-primavera\/","title":{"rendered":"Presidencia programa desfile de preescolar por inicio de la primavera"},"content":{"rendered":"<aside class=\"mashsb-container mashsb-main mashsb-stretched\"><div class=\"mashsb-box\"><div class=\"mashsb-count mash-large\" style=\"float:left\"><div class=\"counts mashsbcount\">0<\/div><span class=\"mashsb-sharetext\">SHARES<\/span><\/div><div class=\"mashsb-buttons\"><a class=\"mashicon-facebook mash-large mash-center mashsb-noshadow\" href=\"https:\/\/www.facebook.com\/sharer.php?u=https%3A%2F%2Fwww.zunoticia.com%2Fnoticias-de-hidalgo%2F2025%2F03%2F19%2Fpresidencia-programa-desfile-de-preescolar-por-inicio-de-la-primavera%2F\" target=\"_top\" rel=\"nofollow\"><span class=\"icon\"><\/span><span class=\"text\">Share<\/span><\/a><a class=\"mashicon-twitter mash-large mash-center mashsb-noshadow\" href=\"https:\/\/twitter.com\/intent\/tweet?text=&amp;url=https:\/\/www.zunoticia.com\/noticias-de-hidalgo\/2025\/03\/19\/presidencia-programa-desfile-de-preescolar-por-inicio-de-la-primavera\/\" target=\"_top\" rel=\"nofollow\"><span class=\"icon\"><\/span><span class=\"text\">Tweet<\/span><\/a><div class=\"onoffswitch2 mash-large mashsb-noshadow\" style=\"display:none\"><\/div><\/div>\n            <\/div>\n                <div style=\"clear:both\"><\/div><div class=\"mashsb-toggle-container\"><\/div><\/aside>\n            <!-- Share buttons by mashshare.net - Version: 4.0.47-->\n<p><em>Por Enedino Hern\u00e1ndez Alonso\/Zunoticia<\/em><\/p>\n\n\n\n<p><strong>Huejutla, Hgo<\/strong>.- Con motivo del inicio de la primavera, la presidencia municipal de Huejutla de Reyes, a trav\u00e9s del \u00e1rea de Educaci\u00f3n, ha programado realizar el desfile con la participaci\u00f3n de las instituciones de educaci\u00f3n del nivel preescolar.<\/p>\n\n\n\n<p>El responsable de Educaci\u00f3n en Huejutla, Germ\u00e1n Carrillo Rosales, confirm\u00f3 que, el desfile se llevar\u00e1 a cabo a partir de las 9:30 horas, del viernes 21 de marzo, desde la Plazuela Ju\u00e1rez hasta llegar a la explanada del reloj municipal.<\/p>\n\n\n\n<p>Asimismo, dijo que, son 17 instituciones educativas del nivel preescolar las que participar\u00e1n en el desfile con motivo del inicio de la primavera.<\/p>\n\n\n\n<p>Germ\u00e1n Carrillo agradeci\u00f3 previamente a directivos de los centros educativos de nivel preescolar, por el entusiasmo que demuestran para participar en el desfile, destacando que ya se tiene todo debidamente preparado.<\/p>\n\n\n\n<p>Para concluir, invit\u00f3 a los huejutlenses para que acudan a presenciar el desfile, previsto para la ma\u00f1ana del viernes 21 de marzo, en esta ciudad de Huejutla.<\/p>\n\n\n\n<p><\/p>\n","protected":false},"excerpt":{"rendered":"<p>Por Enedino Hern\u00e1ndez Alonso\/Zunoticia Huejutla, Hgo.- Con motivo del inicio de la primavera, la presidencia municipal de Huejutla de Reyes, a trav\u00e9s del \u00e1rea de Educaci\u00f3n, ha programado realizar el desfile con la participaci\u00f3n de las instituciones de educaci\u00f3n del nivel preescolar. El responsable de Educaci\u00f3n en Huejutla, Germ\u00e1n Carrillo Rosales, confirm\u00f3 que, el desfile&hellip; <a class=\"more-link\" href=\"https:\/\/www.zunoticia.com\/noticias-de-hidalgo\/2025\/03\/19\/presidencia-programa-desfile-de-preescolar-por-inicio-de-la-primavera\/\">Seguir leyendo <span class=\"screen-reader-text\">Presidencia programa desfile de preescolar por inicio de la primavera<\/span><\/a><\/p>\n","protected":false},"author":20,"featured_media":586655,"comment_status":"open","ping_status":"open","sticky":false,"template":"","format":"standard","meta":{"rop_custom_images_group":[],"rop_custom_messages_group":[],"rop_publish_now":"initial","rop_publish_now_accounts":{"facebook_10159540855086992_322828327761733":""},"rop_publish_now_history":[],"rop_publish_now_status":"pending","footnotes":""},"categories":[181],"tags":[121],"class_list":["post-586654","post","type-post","status-publish","format-standard","has-post-thumbnail","hentry","category-huejutla","tag-huejutla","entry"],"_links":{"self":[{"href":"https:\/\/www.zunoticia.com\/noticias-de-hidalgo\/wp-json\/wp\/v2\/posts\/586654","targetHints":{"allow":["GET"]}}],"collection":[{"href":"https:\/\/www.zunoticia.com\/noticias-de-hidalgo\/wp-json\/wp\/v2\/posts"}],"about":[{"href":"https:\/\/www.zunoticia.com\/noticias-de-hidalgo\/wp-json\/wp\/v2\/types\/post"}],"author":[{"embeddable":true,"href":"https:\/\/www.zunoticia.com\/noticias-de-hidalgo\/wp-json\/wp\/v2\/users\/20"}],"replies":[{"embeddable":true,"href":"https:\/\/www.zunoticia.com\/noticias-de-hidalgo\/wp-json\/wp\/v2\/comments?post=586654"}],"version-history":[{"count":1,"href":"https:\/\/www.zunoticia.com\/noticias-de-hidalgo\/wp-json\/wp\/v2\/posts\/586654\/revisions"}],"predecessor-version":[{"id":586656,"href":"https:\/\/www.zunoticia.com\/noticias-de-hidalgo\/wp-json\/wp\/v2\/posts\/586654\/revisions\/586656"}],"wp:featuredmedia":[{"embeddable":true,"href":"https:\/\/www.zunoticia.com\/noticias-de-hidalgo\/wp-json\/wp\/v2\/media\/586655"}],"wp:attachment":[{"href":"https:\/\/www.zunoticia.com\/noticias-de-hidalgo\/wp-json\/wp\/v2\/media?parent=586654"}],"wp:term":[{"taxonomy":"category","embeddable":true,"href":"https:\/\/www.zunoticia.com\/noticias-de-hidalgo\/wp-json\/wp\/v2\/categories?post=586654"},{"taxonomy":"post_tag","embeddable":true,"href":"https:\/\/www.zunoticia.com\/noticias-de-hidalgo\/wp-json\/wp\/v2\/tags?post=586654"}],"curies":[{"name":"wp","href":"https:\/\/api.w.org\/{rel}","templated":true}]}}