{"id":586657,"date":"2025-03-19T13:02:45","date_gmt":"2025-03-19T19:02:45","guid":{"rendered":"https:\/\/www.zunoticia.com\/noticias-de-hidalgo\/?p=586657"},"modified":"2025-03-19T13:02:48","modified_gmt":"2025-03-19T19:02:48","slug":"cuesta-de-enero-se-prolonga-a-marzo-las-ventas-son-bajas","status":"publish","type":"post","link":"https:\/\/www.zunoticia.com\/noticias-de-hidalgo\/2025\/03\/19\/cuesta-de-enero-se-prolonga-a-marzo-las-ventas-son-bajas\/","title":{"rendered":"&#8216;Cuesta de enero&#8217; se prolonga a marzo, las ventas son bajas"},"content":{"rendered":"<aside class=\"mashsb-container mashsb-main mashsb-stretched\"><div class=\"mashsb-box\"><div class=\"mashsb-count mash-large\" style=\"float:left\"><div class=\"counts mashsbcount\">0<\/div><span class=\"mashsb-sharetext\">SHARES<\/span><\/div><div class=\"mashsb-buttons\"><a class=\"mashicon-facebook mash-large mash-center mashsb-noshadow\" href=\"https:\/\/www.facebook.com\/sharer.php?u=https%3A%2F%2Fwww.zunoticia.com%2Fnoticias-de-hidalgo%2F2025%2F03%2F19%2Fcuesta-de-enero-se-prolonga-a-marzo-las-ventas-son-bajas%2F\" target=\"_top\" rel=\"nofollow\"><span class=\"icon\"><\/span><span class=\"text\">Share<\/span><\/a><a class=\"mashicon-twitter mash-large mash-center mashsb-noshadow\" href=\"https:\/\/twitter.com\/intent\/tweet?text=&amp;url=https:\/\/www.zunoticia.com\/noticias-de-hidalgo\/2025\/03\/19\/cuesta-de-enero-se-prolonga-a-marzo-las-ventas-son-bajas\/\" target=\"_top\" rel=\"nofollow\"><span class=\"icon\"><\/span><span class=\"text\">Tweet<\/span><\/a><div class=\"onoffswitch2 mash-large mashsb-noshadow\" style=\"display:none\"><\/div><\/div>\n            <\/div>\n                <div style=\"clear:both\"><\/div><div class=\"mashsb-toggle-container\"><\/div><\/aside>\n            <!-- Share buttons by mashshare.net - Version: 4.0.47-->\n<p><em>Por Enedino Hern\u00e1ndez Alonso\/Zunoticia<\/em><\/p>\n\n\n\n<p><strong>Huejutla, Hgo. &#8211;<\/strong> Definitivamente que la llamada &#8216;Cuesta de enero&#8217; pas\u00f3 por febrero y se prolonga en este mes de marzo, ya que al momento la actividad comercial o las ventas se mantienen bajas, se\u00f1al\u00f3 el representante del Sector Empresarial en Huejutla, Luis Enrique Camargo.<\/p>\n\n\n\n<p>Reconoci\u00f3 que, como comerciantes se mantienen con &#8216;cierta preocupaci\u00f3n&#8217;, pero tambi\u00e9n con la confianza de que esta situaci\u00f3n pudiera mejorar en los d\u00edas siguientes, de este mes de marzo.<\/p>\n\n\n\n<p>A\u00f1adi\u00f3 que, siempre los dos primeros meses de cada a\u00f1o son dif\u00edciles, pero este 2025 se ha complicado mucho m\u00e1s la actividad comercial, \u201cse tienen bajas ventas, no hay mucho circulante, pero se conf\u00eda que para la Semana Santa se pudiera mejorar un poco la situaci\u00f3n\u201d.<\/p>\n\n\n\n<p>Asimismo, Luis Enrique Camargo recomend\u00f3 a quienes se dedican a vender productos y servicios, que brinden una buena atenci\u00f3n, ofrezcan productos y servicios de buena calidad, para volver a retomar una mayor actividad en los d\u00edas siguientes.<\/p>\n\n\n\n<p><\/p>\n","protected":false},"excerpt":{"rendered":"<p>Por Enedino Hern\u00e1ndez Alonso\/Zunoticia Huejutla, Hgo. &#8211; Definitivamente que la llamada &#8216;Cuesta de enero&#8217; pas\u00f3 por febrero y se prolonga en este mes de marzo, ya que al momento la actividad comercial o las ventas se mantienen bajas, se\u00f1al\u00f3 el representante del Sector Empresarial en Huejutla, Luis Enrique Camargo. Reconoci\u00f3 que, como comerciantes se mantienen&hellip; <a class=\"more-link\" href=\"https:\/\/www.zunoticia.com\/noticias-de-hidalgo\/2025\/03\/19\/cuesta-de-enero-se-prolonga-a-marzo-las-ventas-son-bajas\/\">Seguir leyendo <span class=\"screen-reader-text\">&#8216;Cuesta de enero&#8217; se prolonga a marzo, las ventas son bajas<\/span><\/a><\/p>\n","protected":false},"author":20,"featured_media":586658,"comment_status":"open","ping_status":"open","sticky":false,"template":"","format":"standard","meta":{"rop_custom_images_group":[],"rop_custom_messages_group":[],"rop_publish_now":"initial","rop_publish_now_accounts":{"facebook_10159540855086992_322828327761733":""},"rop_publish_now_history":[],"rop_publish_now_status":"pending","footnotes":""},"categories":[181],"tags":[121],"class_list":["post-586657","post","type-post","status-publish","format-standard","has-post-thumbnail","hentry","category-huejutla","tag-huejutla","entry"],"_links":{"self":[{"href":"https:\/\/www.zunoticia.com\/noticias-de-hidalgo\/wp-json\/wp\/v2\/posts\/586657","targetHints":{"allow":["GET"]}}],"collection":[{"href":"https:\/\/www.zunoticia.com\/noticias-de-hidalgo\/wp-json\/wp\/v2\/posts"}],"about":[{"href":"https:\/\/www.zunoticia.com\/noticias-de-hidalgo\/wp-json\/wp\/v2\/types\/post"}],"author":[{"embeddable":true,"href":"https:\/\/www.zunoticia.com\/noticias-de-hidalgo\/wp-json\/wp\/v2\/users\/20"}],"replies":[{"embeddable":true,"href":"https:\/\/www.zunoticia.com\/noticias-de-hidalgo\/wp-json\/wp\/v2\/comments?post=586657"}],"version-history":[{"count":1,"href":"https:\/\/www.zunoticia.com\/noticias-de-hidalgo\/wp-json\/wp\/v2\/posts\/586657\/revisions"}],"predecessor-version":[{"id":586659,"href":"https:\/\/www.zunoticia.com\/noticias-de-hidalgo\/wp-json\/wp\/v2\/posts\/586657\/revisions\/586659"}],"wp:featuredmedia":[{"embeddable":true,"href":"https:\/\/www.zunoticia.com\/noticias-de-hidalgo\/wp-json\/wp\/v2\/media\/586658"}],"wp:attachment":[{"href":"https:\/\/www.zunoticia.com\/noticias-de-hidalgo\/wp-json\/wp\/v2\/media?parent=586657"}],"wp:term":[{"taxonomy":"category","embeddable":true,"href":"https:\/\/www.zunoticia.com\/noticias-de-hidalgo\/wp-json\/wp\/v2\/categories?post=586657"},{"taxonomy":"post_tag","embeddable":true,"href":"https:\/\/www.zunoticia.com\/noticias-de-hidalgo\/wp-json\/wp\/v2\/tags?post=586657"}],"curies":[{"name":"wp","href":"https:\/\/api.w.org\/{rel}","templated":true}]}}