{"id":586668,"date":"2025-03-19T14:22:38","date_gmt":"2025-03-19T20:22:38","guid":{"rendered":"https:\/\/www.zunoticia.com\/noticias-de-hidalgo\/?p=586668"},"modified":"2025-03-19T14:22:40","modified_gmt":"2025-03-19T20:22:40","slug":"tecolotitla-se-prepara-para-la-celebracion-de-semana-santa-delegado","status":"publish","type":"post","link":"https:\/\/www.zunoticia.com\/noticias-de-hidalgo\/2025\/03\/19\/tecolotitla-se-prepara-para-la-celebracion-de-semana-santa-delegado\/","title":{"rendered":"Tecolotitla se prepara para la celebraci\u00f3n de Semana Santa: delegado"},"content":{"rendered":"<aside class=\"mashsb-container mashsb-main mashsb-stretched\"><div class=\"mashsb-box\"><div class=\"mashsb-count mash-large\" style=\"float:left\"><div class=\"counts mashsbcount\">0<\/div><span class=\"mashsb-sharetext\">SHARES<\/span><\/div><div class=\"mashsb-buttons\"><a class=\"mashicon-facebook mash-large mash-center mashsb-noshadow\" href=\"https:\/\/www.facebook.com\/sharer.php?u=https%3A%2F%2Fwww.zunoticia.com%2Fnoticias-de-hidalgo%2F2025%2F03%2F19%2Ftecolotitla-se-prepara-para-la-celebracion-de-semana-santa-delegado%2F\" target=\"_top\" rel=\"nofollow\"><span class=\"icon\"><\/span><span class=\"text\">Share<\/span><\/a><a class=\"mashicon-twitter mash-large mash-center mashsb-noshadow\" href=\"https:\/\/twitter.com\/intent\/tweet?text=&amp;url=https:\/\/www.zunoticia.com\/noticias-de-hidalgo\/2025\/03\/19\/tecolotitla-se-prepara-para-la-celebracion-de-semana-santa-delegado\/\" target=\"_top\" rel=\"nofollow\"><span class=\"icon\"><\/span><span class=\"text\">Tweet<\/span><\/a><div class=\"onoffswitch2 mash-large mashsb-noshadow\" style=\"display:none\"><\/div><\/div>\n            <\/div>\n                <div style=\"clear:both\"><\/div><div class=\"mashsb-toggle-container\"><\/div><\/aside>\n            <!-- Share buttons by mashshare.net - Version: 4.0.47-->\n<p><em>Por Salvador Altamirano\/Zunoticia<\/em><\/p>\n\n\n\n<p><strong>Atlapexco, Hgo<\/strong>.- La Semana Santa es una celebraci\u00f3n de suma importancia para la comunidad cristiana, arraigada en la fe, ya que conmemora la pasi\u00f3n, muerte y resurrecci\u00f3n de Jesucristo.<\/p>\n\n\n\n<p>Entrevistado en torno a la celebraci\u00f3n, el delegado municipal de la comunidad de Tecolotitla, Emilio Rosas Hidalgo, refiri\u00f3 que, aunado a los eventos religiosos, misas y procesiones, habr\u00e1 actividades de car\u00e1cter laico, tradicionales y festivas.<\/p>\n\n\n\n<p>A pregunta expresa, detall\u00f3 que, en la programaci\u00f3n que se elabor\u00f3 en la delegaci\u00f3n, destacan eventos que, si no est\u00e1n en extinci\u00f3n, ya no tienen tanta proyecci\u00f3n como es el singular &#8220;palo encebado&#8221; y el concurso de &#8220;trompo de cuarta, juguete de anta\u00f1o de a\u00f1oranza.<\/p>\n\n\n\n<p>Agreg\u00f3 que, de igual manera, se llevar\u00e1 a cabo una &#8220;carrera de ollas&#8221;, muy tradicional en la huasteca hidalguense, consistente en que varias mujeres corran cierta distancia sosteniendo una olla de barro con agua en la cabeza, sin agarrarla y evitando que se le derrame el agua.<\/p>\n\n\n\n<p>Para concluir, Rosas Hidalgo enfatiz\u00f3 que, para darle un toque 100 % regional a la programaci\u00f3n de la delegaci\u00f3n municipal, se llevar\u00e1 a cabo una demostraci\u00f3n de huapango, infantil y de adulto, por lo que invita a los habitantes de la regi\u00f3n a que acudan a Tecolotitla, del 13 al 19 de abril del presente mes.<\/p>\n\n\n\n<p><\/p>\n\n\n\n<p><\/p>\n","protected":false},"excerpt":{"rendered":"<p>Por Salvador Altamirano\/Zunoticia Atlapexco, Hgo.- La Semana Santa es una celebraci\u00f3n de suma importancia para la comunidad cristiana, arraigada en la fe, ya que conmemora la pasi\u00f3n, muerte y resurrecci\u00f3n de Jesucristo. Entrevistado en torno a la celebraci\u00f3n, el delegado municipal de la comunidad de Tecolotitla, Emilio Rosas Hidalgo, refiri\u00f3 que, aunado a los eventos&hellip; <a class=\"more-link\" href=\"https:\/\/www.zunoticia.com\/noticias-de-hidalgo\/2025\/03\/19\/tecolotitla-se-prepara-para-la-celebracion-de-semana-santa-delegado\/\">Seguir leyendo <span class=\"screen-reader-text\">Tecolotitla se prepara para la celebraci\u00f3n de Semana Santa: delegado<\/span><\/a><\/p>\n","protected":false},"author":20,"featured_media":586669,"comment_status":"open","ping_status":"open","sticky":false,"template":"","format":"standard","meta":{"rop_custom_images_group":[],"rop_custom_messages_group":[],"rop_publish_now":"initial","rop_publish_now_accounts":{"facebook_10159540855086992_322828327761733":""},"rop_publish_now_history":[],"rop_publish_now_status":"pending","footnotes":""},"categories":[182,179],"tags":[133,229],"class_list":["post-586668","post","type-post","status-publish","format-standard","has-post-thumbnail","hentry","category-atlapexco","category-huasteca","tag-atlapexco","tag-huasteca","entry"],"_links":{"self":[{"href":"https:\/\/www.zunoticia.com\/noticias-de-hidalgo\/wp-json\/wp\/v2\/posts\/586668","targetHints":{"allow":["GET"]}}],"collection":[{"href":"https:\/\/www.zunoticia.com\/noticias-de-hidalgo\/wp-json\/wp\/v2\/posts"}],"about":[{"href":"https:\/\/www.zunoticia.com\/noticias-de-hidalgo\/wp-json\/wp\/v2\/types\/post"}],"author":[{"embeddable":true,"href":"https:\/\/www.zunoticia.com\/noticias-de-hidalgo\/wp-json\/wp\/v2\/users\/20"}],"replies":[{"embeddable":true,"href":"https:\/\/www.zunoticia.com\/noticias-de-hidalgo\/wp-json\/wp\/v2\/comments?post=586668"}],"version-history":[{"count":1,"href":"https:\/\/www.zunoticia.com\/noticias-de-hidalgo\/wp-json\/wp\/v2\/posts\/586668\/revisions"}],"predecessor-version":[{"id":586670,"href":"https:\/\/www.zunoticia.com\/noticias-de-hidalgo\/wp-json\/wp\/v2\/posts\/586668\/revisions\/586670"}],"wp:featuredmedia":[{"embeddable":true,"href":"https:\/\/www.zunoticia.com\/noticias-de-hidalgo\/wp-json\/wp\/v2\/media\/586669"}],"wp:attachment":[{"href":"https:\/\/www.zunoticia.com\/noticias-de-hidalgo\/wp-json\/wp\/v2\/media?parent=586668"}],"wp:term":[{"taxonomy":"category","embeddable":true,"href":"https:\/\/www.zunoticia.com\/noticias-de-hidalgo\/wp-json\/wp\/v2\/categories?post=586668"},{"taxonomy":"post_tag","embeddable":true,"href":"https:\/\/www.zunoticia.com\/noticias-de-hidalgo\/wp-json\/wp\/v2\/tags?post=586668"}],"curies":[{"name":"wp","href":"https:\/\/api.w.org\/{rel}","templated":true}]}}