{"id":586674,"date":"2025-03-19T14:59:23","date_gmt":"2025-03-19T20:59:23","guid":{"rendered":"https:\/\/www.zunoticia.com\/noticias-de-hidalgo\/?p=586674"},"modified":"2025-03-19T14:59:25","modified_gmt":"2025-03-19T20:59:25","slug":"docentes-y-alumnos-realizaron-marcha-pacifica-por-la-paz","status":"publish","type":"post","link":"https:\/\/www.zunoticia.com\/noticias-de-hidalgo\/2025\/03\/19\/docentes-y-alumnos-realizaron-marcha-pacifica-por-la-paz\/","title":{"rendered":"Docentes y alumnos realizaron marcha pac\u00edfica por la paz"},"content":{"rendered":"<aside class=\"mashsb-container mashsb-main mashsb-stretched\"><div class=\"mashsb-box\"><div class=\"mashsb-count mash-large\" style=\"float:left\"><div class=\"counts mashsbcount\">0<\/div><span class=\"mashsb-sharetext\">SHARES<\/span><\/div><div class=\"mashsb-buttons\"><a class=\"mashicon-facebook mash-large mash-center mashsb-noshadow\" href=\"https:\/\/www.facebook.com\/sharer.php?u=https%3A%2F%2Fwww.zunoticia.com%2Fnoticias-de-hidalgo%2F2025%2F03%2F19%2Fdocentes-y-alumnos-realizaron-marcha-pacifica-por-la-paz%2F\" target=\"_top\" rel=\"nofollow\"><span class=\"icon\"><\/span><span class=\"text\">Share<\/span><\/a><a class=\"mashicon-twitter mash-large mash-center mashsb-noshadow\" href=\"https:\/\/twitter.com\/intent\/tweet?text=&amp;url=https:\/\/www.zunoticia.com\/noticias-de-hidalgo\/2025\/03\/19\/docentes-y-alumnos-realizaron-marcha-pacifica-por-la-paz\/\" target=\"_top\" rel=\"nofollow\"><span class=\"icon\"><\/span><span class=\"text\">Tweet<\/span><\/a><div class=\"onoffswitch2 mash-large mashsb-noshadow\" style=\"display:none\"><\/div><\/div>\n            <\/div>\n                <div style=\"clear:both\"><\/div><div class=\"mashsb-toggle-container\"><\/div><\/aside>\n            <!-- Share buttons by mashshare.net - Version: 4.0.47-->\n<p><em>Por Gabriela Hern\u00e1ndez\/Zunoticia<\/em><\/p>\n\n\n\n<p><strong>Jaltoc\u00e1n, Hgo<\/strong>. -Este mi\u00e9rcoles 19 de marzo, por las principales calles de la cabecera municipal, se realiz\u00f3 una marcha pac\u00edfica &#8220;Por la paz&#8221;, por parte de la Coordinaci\u00f3n Regional de Jaltoc\u00e1n, Hgo.<\/p>\n\n\n\n<p>En esta actividad participaron el personal y alumnos de la Escuela Secundaria General &#8220;Mexicas&#8221;, Jard\u00edn de Ni\u00f1os Ind\u00edgena &#8220;Josefa Ortiz de Dom\u00ednguez&#8221;, Escuela Primaria General &#8220;Benito Ju\u00e1rez&#8221;, Escuela Primaria Ind\u00edgena &#8220;5 de Mayo&#8221;, Escuela Primaria Ind\u00edgena &#8220;Vicente Guerrero&#8221; y Jard\u00edn de Ni\u00f1os General &#8220;Federico Froebel&#8221; as\u00ed como supervisores y secretarios delegacionales.<\/p>\n\n\n\n<p>Cada a\u00f1o se realizan este tipo de acciones para promover una cultura de paz y no violencia entre los alumnos, en esta ocasi\u00f3n se acord\u00f3 que los propios alumnos fueran portavoces de fortalecer la paz y no violencia como forma de vida.<\/p>\n\n\n\n<p>La campa\u00f1a &#8220;\u00c1rmate de valor por una cultura de Paz&#8221; se realiza con la intenci\u00f3n de fortalecer los valores y pugnar por una convivencia arm\u00f3nica, encaminadas a cultivar una cultura por la paz, posteriormente se llev\u00f3 a cabo un evento c\u00edvico &#8211; cultural en la Escuela Secundaria Mexicas.<\/p>\n\n\n\n<figure class=\"wp-block-gallery has-nested-images columns-default is-cropped wp-block-gallery-1 is-layout-flex wp-block-gallery-is-layout-flex\">\n<figure class=\"wp-block-image size-large\"><img fetchpriority=\"high\" decoding=\"async\" width=\"933\" height=\"524\" data-id=\"586676\" src=\"https:\/\/www.zunoticia.com\/noticias-de-hidalgo\/wp-content\/uploads\/2025\/03\/Zunoticia-Huejutla-2-59.png\" alt=\"\" class=\"wp-image-586676\"\/><\/figure>\n\n\n\n<figure class=\"wp-block-image size-large\"><img decoding=\"async\" width=\"933\" height=\"524\" data-id=\"586677\" src=\"https:\/\/www.zunoticia.com\/noticias-de-hidalgo\/wp-content\/uploads\/2025\/03\/Zunoticia-Huejutla-1-143.png\" alt=\"\" class=\"wp-image-586677\"\/><\/figure>\n\n\n\n<figure class=\"wp-block-image size-large\"><img decoding=\"async\" width=\"933\" height=\"524\" data-id=\"586678\" src=\"https:\/\/www.zunoticia.com\/noticias-de-hidalgo\/wp-content\/uploads\/2025\/03\/Zunoticia-Huejutla-223.png\" alt=\"\" class=\"wp-image-586678\"\/><\/figure>\n<\/figure>\n","protected":false},"excerpt":{"rendered":"<p>Por Gabriela Hern\u00e1ndez\/Zunoticia Jaltoc\u00e1n, Hgo. -Este mi\u00e9rcoles 19 de marzo, por las principales calles de la cabecera municipal, se realiz\u00f3 una marcha pac\u00edfica &#8220;Por la paz&#8221;, por parte de la Coordinaci\u00f3n Regional de Jaltoc\u00e1n, Hgo. En esta actividad participaron el personal y alumnos de la Escuela Secundaria General &#8220;Mexicas&#8221;, Jard\u00edn de Ni\u00f1os Ind\u00edgena &#8220;Josefa Ortiz&hellip; <a class=\"more-link\" href=\"https:\/\/www.zunoticia.com\/noticias-de-hidalgo\/2025\/03\/19\/docentes-y-alumnos-realizaron-marcha-pacifica-por-la-paz\/\">Seguir leyendo <span class=\"screen-reader-text\">Docentes y alumnos realizaron marcha pac\u00edfica por la paz<\/span><\/a><\/p>\n","protected":false},"author":20,"featured_media":586675,"comment_status":"open","ping_status":"open","sticky":false,"template":"","format":"standard","meta":{"rop_custom_images_group":[],"rop_custom_messages_group":[],"rop_publish_now":"initial","rop_publish_now_accounts":{"facebook_10159540855086992_322828327761733":""},"rop_publish_now_history":[],"rop_publish_now_status":"pending","footnotes":""},"categories":[179,200],"tags":[229,131],"class_list":["post-586674","post","type-post","status-publish","format-standard","has-post-thumbnail","hentry","category-huasteca","category-jaltocan","tag-huasteca","tag-jaltocan","entry"],"_links":{"self":[{"href":"https:\/\/www.zunoticia.com\/noticias-de-hidalgo\/wp-json\/wp\/v2\/posts\/586674","targetHints":{"allow":["GET"]}}],"collection":[{"href":"https:\/\/www.zunoticia.com\/noticias-de-hidalgo\/wp-json\/wp\/v2\/posts"}],"about":[{"href":"https:\/\/www.zunoticia.com\/noticias-de-hidalgo\/wp-json\/wp\/v2\/types\/post"}],"author":[{"embeddable":true,"href":"https:\/\/www.zunoticia.com\/noticias-de-hidalgo\/wp-json\/wp\/v2\/users\/20"}],"replies":[{"embeddable":true,"href":"https:\/\/www.zunoticia.com\/noticias-de-hidalgo\/wp-json\/wp\/v2\/comments?post=586674"}],"version-history":[{"count":1,"href":"https:\/\/www.zunoticia.com\/noticias-de-hidalgo\/wp-json\/wp\/v2\/posts\/586674\/revisions"}],"predecessor-version":[{"id":586679,"href":"https:\/\/www.zunoticia.com\/noticias-de-hidalgo\/wp-json\/wp\/v2\/posts\/586674\/revisions\/586679"}],"wp:featuredmedia":[{"embeddable":true,"href":"https:\/\/www.zunoticia.com\/noticias-de-hidalgo\/wp-json\/wp\/v2\/media\/586675"}],"wp:attachment":[{"href":"https:\/\/www.zunoticia.com\/noticias-de-hidalgo\/wp-json\/wp\/v2\/media?parent=586674"}],"wp:term":[{"taxonomy":"category","embeddable":true,"href":"https:\/\/www.zunoticia.com\/noticias-de-hidalgo\/wp-json\/wp\/v2\/categories?post=586674"},{"taxonomy":"post_tag","embeddable":true,"href":"https:\/\/www.zunoticia.com\/noticias-de-hidalgo\/wp-json\/wp\/v2\/tags?post=586674"}],"curies":[{"name":"wp","href":"https:\/\/api.w.org\/{rel}","templated":true}]}}