{"id":586680,"date":"2025-03-19T15:07:03","date_gmt":"2025-03-19T21:07:03","guid":{"rendered":"https:\/\/www.zunoticia.com\/noticias-de-hidalgo\/?p=586680"},"modified":"2025-03-19T15:07:05","modified_gmt":"2025-03-19T21:07:05","slug":"preocupa-a-ganaderos-la-proximidad-del-estiaje","status":"publish","type":"post","link":"https:\/\/www.zunoticia.com\/noticias-de-hidalgo\/2025\/03\/19\/preocupa-a-ganaderos-la-proximidad-del-estiaje\/","title":{"rendered":"Preocupa a ganaderos la proximidad del estiaje"},"content":{"rendered":"<aside class=\"mashsb-container mashsb-main mashsb-stretched\"><div class=\"mashsb-box\"><div class=\"mashsb-count mash-large\" style=\"float:left\"><div class=\"counts mashsbcount\">0<\/div><span class=\"mashsb-sharetext\">SHARES<\/span><\/div><div class=\"mashsb-buttons\"><a class=\"mashicon-facebook mash-large mash-center mashsb-noshadow\" href=\"https:\/\/www.facebook.com\/sharer.php?u=https%3A%2F%2Fwww.zunoticia.com%2Fnoticias-de-hidalgo%2F2025%2F03%2F19%2Fpreocupa-a-ganaderos-la-proximidad-del-estiaje%2F\" target=\"_top\" rel=\"nofollow\"><span class=\"icon\"><\/span><span class=\"text\">Share<\/span><\/a><a class=\"mashicon-twitter mash-large mash-center mashsb-noshadow\" href=\"https:\/\/twitter.com\/intent\/tweet?text=&amp;url=https:\/\/www.zunoticia.com\/noticias-de-hidalgo\/2025\/03\/19\/preocupa-a-ganaderos-la-proximidad-del-estiaje\/\" target=\"_top\" rel=\"nofollow\"><span class=\"icon\"><\/span><span class=\"text\">Tweet<\/span><\/a><div class=\"onoffswitch2 mash-large mashsb-noshadow\" style=\"display:none\"><\/div><\/div>\n            <\/div>\n                <div style=\"clear:both\"><\/div><div class=\"mashsb-toggle-container\"><\/div><\/aside>\n            <!-- Share buttons by mashshare.net - Version: 4.0.47-->\n<p><em>Por Enedino Hern\u00e1ndez Alonso\/Zunoticia<\/em><\/p>\n\n\n\n<p><strong>Huejutla, Hgo<\/strong>. \u2013 \u201cLa verdad que s\u00ed nos preocupa la proximidad de la temporada de estiaje, pues no se han tenido lluvias previas como para preparar nuestros estanques y abrevaderos o de tener suficiente l\u00edquido para enfrentar lo que se dice, ser\u00e1 la sequ\u00eda m\u00e1s grande que el a\u00f1o pasado\u201d, se\u00f1al\u00f3 el expresidente de la Asociaci\u00f3n Ganadera Local en Huejutla, Rafael Barrag\u00e1n Monterrubio.<\/p>\n\n\n\n<p>Dijo que, independientemente del agua, los pastizales no han podido tener sus rebrotes, precisamente por eso, por la falta de lluvia en esta zona de la huasteca.<\/p>\n\n\n\n<p>&#8220;Todo eso nos preocupa y nos debe de ocupar al sector productivo ganadero, porque tenemos que prepararnos para enfrentar lo que est\u00e1 por venir en las semanas o meses siguientes&#8221; explic\u00f3.<\/p>\n\n\n\n<p>Asimismo, record\u00f3 que, como ganaderos de esta zona de la huasteca ya se han tenido las suficientes experiencias como para saber lo doloroso que es ver perder poco a poco los hatos ganaderos.<\/p>\n\n\n\n<p>Por todo ello, exhort\u00f3 a quienes se dedican a la producci\u00f3n de ganado a prepararse, a comprar pacas de zacate, guardar los pastos gigantes que se tienen, tratar de guardarlos para las fechas m\u00e1s cr\u00edticas que se avecinan.<\/p>\n\n\n\n<p>Rafael Barrag\u00e1n, concluy\u00f3 invitando a los ganaderos a tomar las medidas preventivas para enfrentar los 3 a 4 meses que se avecinan, que se vienen muy dif\u00edciles &#8220;esperamos que tambi\u00e9n nos lleguen algunas lluvias, esa es la esperanza que tenemos como productores, para que vengan a aliviar la situaci\u00f3n que est\u00e1 por venir&#8221;<\/p>\n\n\n\n<p><\/p>\n","protected":false},"excerpt":{"rendered":"<p>Por Enedino Hern\u00e1ndez Alonso\/Zunoticia Huejutla, Hgo. \u2013 \u201cLa verdad que s\u00ed nos preocupa la proximidad de la temporada de estiaje, pues no se han tenido lluvias previas como para preparar nuestros estanques y abrevaderos o de tener suficiente l\u00edquido para enfrentar lo que se dice, ser\u00e1 la sequ\u00eda m\u00e1s grande que el a\u00f1o pasado\u201d, se\u00f1al\u00f3&hellip; <a class=\"more-link\" href=\"https:\/\/www.zunoticia.com\/noticias-de-hidalgo\/2025\/03\/19\/preocupa-a-ganaderos-la-proximidad-del-estiaje\/\">Seguir leyendo <span class=\"screen-reader-text\">Preocupa a ganaderos la proximidad del estiaje<\/span><\/a><\/p>\n","protected":false},"author":20,"featured_media":586681,"comment_status":"open","ping_status":"open","sticky":false,"template":"","format":"standard","meta":{"rop_custom_images_group":[],"rop_custom_messages_group":[],"rop_publish_now":"initial","rop_publish_now_accounts":{"facebook_10159540855086992_322828327761733":""},"rop_publish_now_history":[],"rop_publish_now_status":"pending","footnotes":""},"categories":[181],"tags":[121],"class_list":["post-586680","post","type-post","status-publish","format-standard","has-post-thumbnail","hentry","category-huejutla","tag-huejutla","entry"],"_links":{"self":[{"href":"https:\/\/www.zunoticia.com\/noticias-de-hidalgo\/wp-json\/wp\/v2\/posts\/586680","targetHints":{"allow":["GET"]}}],"collection":[{"href":"https:\/\/www.zunoticia.com\/noticias-de-hidalgo\/wp-json\/wp\/v2\/posts"}],"about":[{"href":"https:\/\/www.zunoticia.com\/noticias-de-hidalgo\/wp-json\/wp\/v2\/types\/post"}],"author":[{"embeddable":true,"href":"https:\/\/www.zunoticia.com\/noticias-de-hidalgo\/wp-json\/wp\/v2\/users\/20"}],"replies":[{"embeddable":true,"href":"https:\/\/www.zunoticia.com\/noticias-de-hidalgo\/wp-json\/wp\/v2\/comments?post=586680"}],"version-history":[{"count":1,"href":"https:\/\/www.zunoticia.com\/noticias-de-hidalgo\/wp-json\/wp\/v2\/posts\/586680\/revisions"}],"predecessor-version":[{"id":586682,"href":"https:\/\/www.zunoticia.com\/noticias-de-hidalgo\/wp-json\/wp\/v2\/posts\/586680\/revisions\/586682"}],"wp:featuredmedia":[{"embeddable":true,"href":"https:\/\/www.zunoticia.com\/noticias-de-hidalgo\/wp-json\/wp\/v2\/media\/586681"}],"wp:attachment":[{"href":"https:\/\/www.zunoticia.com\/noticias-de-hidalgo\/wp-json\/wp\/v2\/media?parent=586680"}],"wp:term":[{"taxonomy":"category","embeddable":true,"href":"https:\/\/www.zunoticia.com\/noticias-de-hidalgo\/wp-json\/wp\/v2\/categories?post=586680"},{"taxonomy":"post_tag","embeddable":true,"href":"https:\/\/www.zunoticia.com\/noticias-de-hidalgo\/wp-json\/wp\/v2\/tags?post=586680"}],"curies":[{"name":"wp","href":"https:\/\/api.w.org\/{rel}","templated":true}]}}