{"id":586693,"date":"2025-03-19T16:37:52","date_gmt":"2025-03-19T22:37:52","guid":{"rendered":"https:\/\/www.zunoticia.com\/noticias-de-hidalgo\/?p=586693"},"modified":"2025-03-19T16:37:54","modified_gmt":"2025-03-19T22:37:54","slug":"huejutla-celebra-con-orgullo-el-talento-de-sus-artesanos","status":"publish","type":"post","link":"https:\/\/www.zunoticia.com\/noticias-de-hidalgo\/2025\/03\/19\/huejutla-celebra-con-orgullo-el-talento-de-sus-artesanos\/","title":{"rendered":"Huejutla celebra con orgullo el talento de sus artesanos"},"content":{"rendered":"<aside class=\"mashsb-container mashsb-main mashsb-stretched\"><div class=\"mashsb-box\"><div class=\"mashsb-count mash-large\" style=\"float:left\"><div class=\"counts mashsbcount\">0<\/div><span class=\"mashsb-sharetext\">SHARES<\/span><\/div><div class=\"mashsb-buttons\"><a class=\"mashicon-facebook mash-large mash-center mashsb-noshadow\" href=\"https:\/\/www.facebook.com\/sharer.php?u=https%3A%2F%2Fwww.zunoticia.com%2Fnoticias-de-hidalgo%2F2025%2F03%2F19%2Fhuejutla-celebra-con-orgullo-el-talento-de-sus-artesanos%2F\" target=\"_top\" rel=\"nofollow\"><span class=\"icon\"><\/span><span class=\"text\">Share<\/span><\/a><a class=\"mashicon-twitter mash-large mash-center mashsb-noshadow\" href=\"https:\/\/twitter.com\/intent\/tweet?text=&amp;url=https:\/\/www.zunoticia.com\/noticias-de-hidalgo\/2025\/03\/19\/huejutla-celebra-con-orgullo-el-talento-de-sus-artesanos\/\" target=\"_top\" rel=\"nofollow\"><span class=\"icon\"><\/span><span class=\"text\">Tweet<\/span><\/a><div class=\"onoffswitch2 mash-large mashsb-noshadow\" style=\"display:none\"><\/div><\/div>\n            <\/div>\n                <div style=\"clear:both\"><\/div><div class=\"mashsb-toggle-container\"><\/div><\/aside>\n            <!-- Share buttons by mashshare.net - Version: 4.0.47-->\n<p><em>Por Redacci\u00f3n\/Zunoticia<\/em><\/p>\n\n\n\n<p><strong>Huejutla de Reyes, Hgo.-<\/strong> La riqueza cultural y el talento artesanal de Huejutla se hicieron presentes en el Evento Intercultural por el D\u00eda Internacional del Artesano, celebrado en la emblem\u00e1tica plaza 21 de Mayo. Esta festividad rindi\u00f3 homenaje a quienes, con sus manos y creatividad, dan vida a tradiciones que han perdurado por generaciones.<\/p>\n\n\n\n<p>Durante esta jornada especial, los visitantes tuvieron la oportunidad de maravillarse con las creaciones de los artesanos locales, cuyas obras reflejan el alma y la identidad de la regi\u00f3n. La atm\u00f3sfera estuvo llena de colores, texturas y expresiones art\u00edsticas que resaltaron la grandeza del patrimonio cultural. Adem\u00e1s, la presentaci\u00f3n del Ballet Folcl\u00f3rico Grupo Huejutla enriqueci\u00f3 el evento con danzas tradicionales que evocaron el orgullo y la pasi\u00f3n por las costumbres locales.<\/p>\n\n\n\n<p>Se extiende una cordial invitaci\u00f3n a la ciudadan\u00eda para que acuda a la plaza 21 de Mayo ma\u00f1ana, a partir de las 9:00 A.M., y sea parte de esta gran celebraci\u00f3n. Cada pieza artesanal cuenta una historia, y al adquirirla, se apoya el esfuerzo y dedicaci\u00f3n de quienes mantienen vivas las tradiciones.<\/p>\n\n\n\n<p>Huejutla se llena de orgullo al reconocer el legado de sus artesanos, quienes, con su trabajo, siguen tejiendo la historia y la cultura del municipio.<\/p>\n\n\n\n<figure class=\"wp-block-gallery has-nested-images columns-default is-cropped wp-block-gallery-1 is-layout-flex wp-block-gallery-is-layout-flex\">\n<figure class=\"wp-block-image size-large\"><img fetchpriority=\"high\" decoding=\"async\" width=\"933\" height=\"524\" data-id=\"586695\" src=\"https:\/\/www.zunoticia.com\/noticias-de-hidalgo\/wp-content\/uploads\/2025\/03\/Zunoticia-Huejutla-2-60.png\" alt=\"\" class=\"wp-image-586695\"\/><\/figure>\n\n\n\n<figure class=\"wp-block-image size-large\"><img decoding=\"async\" width=\"933\" height=\"524\" data-id=\"586696\" src=\"https:\/\/www.zunoticia.com\/noticias-de-hidalgo\/wp-content\/uploads\/2025\/03\/Zunoticia-Huejutla-1-145.png\" alt=\"\" class=\"wp-image-586696\"\/><\/figure>\n<\/figure>\n","protected":false},"excerpt":{"rendered":"<p>Por Redacci\u00f3n\/Zunoticia Huejutla de Reyes, Hgo.- La riqueza cultural y el talento artesanal de Huejutla se hicieron presentes en el Evento Intercultural por el D\u00eda Internacional del Artesano, celebrado en la emblem\u00e1tica plaza 21 de Mayo. Esta festividad rindi\u00f3 homenaje a quienes, con sus manos y creatividad, dan vida a tradiciones que han perdurado por&hellip; <a class=\"more-link\" href=\"https:\/\/www.zunoticia.com\/noticias-de-hidalgo\/2025\/03\/19\/huejutla-celebra-con-orgullo-el-talento-de-sus-artesanos\/\">Seguir leyendo <span class=\"screen-reader-text\">Huejutla celebra con orgullo el talento de sus artesanos<\/span><\/a><\/p>\n","protected":false},"author":20,"featured_media":586694,"comment_status":"open","ping_status":"open","sticky":false,"template":"","format":"standard","meta":{"rop_custom_images_group":[],"rop_custom_messages_group":[],"rop_publish_now":"initial","rop_publish_now_accounts":{"facebook_10159540855086992_322828327761733":""},"rop_publish_now_history":[],"rop_publish_now_status":"pending","footnotes":""},"categories":[1],"tags":[121],"class_list":["post-586693","post","type-post","status-publish","format-standard","has-post-thumbnail","hentry","category-sin-categoria","tag-huejutla","entry"],"_links":{"self":[{"href":"https:\/\/www.zunoticia.com\/noticias-de-hidalgo\/wp-json\/wp\/v2\/posts\/586693","targetHints":{"allow":["GET"]}}],"collection":[{"href":"https:\/\/www.zunoticia.com\/noticias-de-hidalgo\/wp-json\/wp\/v2\/posts"}],"about":[{"href":"https:\/\/www.zunoticia.com\/noticias-de-hidalgo\/wp-json\/wp\/v2\/types\/post"}],"author":[{"embeddable":true,"href":"https:\/\/www.zunoticia.com\/noticias-de-hidalgo\/wp-json\/wp\/v2\/users\/20"}],"replies":[{"embeddable":true,"href":"https:\/\/www.zunoticia.com\/noticias-de-hidalgo\/wp-json\/wp\/v2\/comments?post=586693"}],"version-history":[{"count":1,"href":"https:\/\/www.zunoticia.com\/noticias-de-hidalgo\/wp-json\/wp\/v2\/posts\/586693\/revisions"}],"predecessor-version":[{"id":586697,"href":"https:\/\/www.zunoticia.com\/noticias-de-hidalgo\/wp-json\/wp\/v2\/posts\/586693\/revisions\/586697"}],"wp:featuredmedia":[{"embeddable":true,"href":"https:\/\/www.zunoticia.com\/noticias-de-hidalgo\/wp-json\/wp\/v2\/media\/586694"}],"wp:attachment":[{"href":"https:\/\/www.zunoticia.com\/noticias-de-hidalgo\/wp-json\/wp\/v2\/media?parent=586693"}],"wp:term":[{"taxonomy":"category","embeddable":true,"href":"https:\/\/www.zunoticia.com\/noticias-de-hidalgo\/wp-json\/wp\/v2\/categories?post=586693"},{"taxonomy":"post_tag","embeddable":true,"href":"https:\/\/www.zunoticia.com\/noticias-de-hidalgo\/wp-json\/wp\/v2\/tags?post=586693"}],"curies":[{"name":"wp","href":"https:\/\/api.w.org\/{rel}","templated":true}]}}