{"id":587082,"date":"2025-03-23T12:50:24","date_gmt":"2025-03-23T18:50:24","guid":{"rendered":"https:\/\/www.zunoticia.com\/noticias-de-hidalgo\/?p=587082"},"modified":"2025-03-23T12:50:25","modified_gmt":"2025-03-23T18:50:25","slug":"fortalecen-el-trabajo-en-el-pri","status":"publish","type":"post","link":"https:\/\/www.zunoticia.com\/noticias-de-hidalgo\/2025\/03\/23\/fortalecen-el-trabajo-en-el-pri\/","title":{"rendered":"Fortalecen el trabajo en el PRI"},"content":{"rendered":"<aside class=\"mashsb-container mashsb-main mashsb-stretched\"><div class=\"mashsb-box\"><div class=\"mashsb-count mash-large\" style=\"float:left\"><div class=\"counts mashsbcount\">0<\/div><span class=\"mashsb-sharetext\">SHARES<\/span><\/div><div class=\"mashsb-buttons\"><a class=\"mashicon-facebook mash-large mash-center mashsb-noshadow\" href=\"https:\/\/www.facebook.com\/sharer.php?u=https%3A%2F%2Fwww.zunoticia.com%2Fnoticias-de-hidalgo%2F2025%2F03%2F23%2Ffortalecen-el-trabajo-en-el-pri%2F\" target=\"_top\" rel=\"nofollow\"><span class=\"icon\"><\/span><span class=\"text\">Share<\/span><\/a><a class=\"mashicon-twitter mash-large mash-center mashsb-noshadow\" href=\"https:\/\/twitter.com\/intent\/tweet?text=&amp;url=https:\/\/www.zunoticia.com\/noticias-de-hidalgo\/2025\/03\/23\/fortalecen-el-trabajo-en-el-pri\/\" target=\"_top\" rel=\"nofollow\"><span class=\"icon\"><\/span><span class=\"text\">Tweet<\/span><\/a><div class=\"onoffswitch2 mash-large mashsb-noshadow\" style=\"display:none\"><\/div><\/div>\n            <\/div>\n                <div style=\"clear:both\"><\/div><div class=\"mashsb-toggle-container\"><\/div><\/aside>\n            <!-- Share buttons by mashshare.net - Version: 4.0.47-->\n<ul class=\"wp-block-list\">\n<li>Diputados recorrieron la sierra y huasteca hidalguense.<\/li>\n<\/ul>\n\n\n\n<p><em>Por Karen Rivera\/Zunoticia<\/em><\/p>\n\n\n\n<p><strong>Tlanchinol, Hgo.-<\/strong> Con el acercamiento con todos los comit\u00e9s municipales y recorridos en la Sierra y la Huasteca, el Presidente del Comit\u00e9 Directivo Estatal del PRI, Marco Antonio Mendoza Bustamante, asegur\u00f3 que contin\u00faan fortaleciendo la estructura.<\/p>\n\n\n\n<p>El pasado viernes, el pri\u00edsta Marco Antonio Mendoza Bustamante hizo acto de presencia en la presentaci\u00f3n del libro &#8220;General Felipe \u00c1ngeles&#8221;, evento que se realiz\u00f3 en la Plaza Bicentenario del municipio, dentro de la primera feria del libro.<\/p>\n\n\n\n<p>Sin embargo, asegur\u00f3 que no fue la \u00fanica tarea que se realiz\u00f3, ya que sostuvieron una pl\u00e1tica con las estructuras del Comit\u00e9 Directivo Municipal para fortalecer al tricolor, tanto en la Sierra y la Huasteca hidalguenses.<\/p>\n\n\n\n<p>Se\u00f1al\u00f3 &#8220;De manera permanente estamos trabajando y legislando por el Estado de Hidalgo y avanzando en distintos temas de la agenda pendiente, tanto en lo pol\u00edtico como en la parte legislativa&#8221;.<\/p>\n\n\n\n<p>Refiri\u00f3 que, tras escribir el libro, la Diputada Local Monserrat Hern\u00e1ndez y \u00e9l hicieron honor a su grupo parlamentario, el cual lleva por nombre &#8220;Grupo Legislativo PRI &#8216;General Felipe \u00c1ngeles'&#8221;.<\/p>\n\n\n\n<p>Dentro del Congreso, el Diputado asegur\u00f3 &#8220;Hemos presentado muchas iniciativas; muchas de ellas han sido aprobadas como apoyos a los artesanos, mujeres, personas en situaci\u00f3n de marginaci\u00f3n, en materia de educaci\u00f3n y cultura&#8221;.<\/p>\n","protected":false},"excerpt":{"rendered":"<p>Por Karen Rivera\/Zunoticia Tlanchinol, Hgo.- Con el acercamiento con todos los comit\u00e9s municipales y recorridos en la Sierra y la Huasteca, el Presidente del Comit\u00e9 Directivo Estatal del PRI, Marco Antonio Mendoza Bustamante, asegur\u00f3 que contin\u00faan fortaleciendo la estructura. El pasado viernes, el pri\u00edsta Marco Antonio Mendoza Bustamante hizo acto de presencia en la presentaci\u00f3n&hellip; <a class=\"more-link\" href=\"https:\/\/www.zunoticia.com\/noticias-de-hidalgo\/2025\/03\/23\/fortalecen-el-trabajo-en-el-pri\/\">Seguir leyendo <span class=\"screen-reader-text\">Fortalecen el trabajo en el PRI<\/span><\/a><\/p>\n","protected":false},"author":12,"featured_media":587087,"comment_status":"open","ping_status":"open","sticky":false,"template":"","format":"standard","meta":{"rop_custom_images_group":[],"rop_custom_messages_group":[],"rop_publish_now":"initial","rop_publish_now_accounts":{"facebook_10159540855086992_322828327761733":""},"rop_publish_now_history":[],"rop_publish_now_status":"pending","footnotes":""},"categories":[219,201],"tags":[127],"class_list":["post-587082","post","type-post","status-publish","format-standard","has-post-thumbnail","hentry","category-sierra","category-tlanchinol","tag-tlanchinol","entry"],"_links":{"self":[{"href":"https:\/\/www.zunoticia.com\/noticias-de-hidalgo\/wp-json\/wp\/v2\/posts\/587082","targetHints":{"allow":["GET"]}}],"collection":[{"href":"https:\/\/www.zunoticia.com\/noticias-de-hidalgo\/wp-json\/wp\/v2\/posts"}],"about":[{"href":"https:\/\/www.zunoticia.com\/noticias-de-hidalgo\/wp-json\/wp\/v2\/types\/post"}],"author":[{"embeddable":true,"href":"https:\/\/www.zunoticia.com\/noticias-de-hidalgo\/wp-json\/wp\/v2\/users\/12"}],"replies":[{"embeddable":true,"href":"https:\/\/www.zunoticia.com\/noticias-de-hidalgo\/wp-json\/wp\/v2\/comments?post=587082"}],"version-history":[{"count":1,"href":"https:\/\/www.zunoticia.com\/noticias-de-hidalgo\/wp-json\/wp\/v2\/posts\/587082\/revisions"}],"predecessor-version":[{"id":587093,"href":"https:\/\/www.zunoticia.com\/noticias-de-hidalgo\/wp-json\/wp\/v2\/posts\/587082\/revisions\/587093"}],"wp:featuredmedia":[{"embeddable":true,"href":"https:\/\/www.zunoticia.com\/noticias-de-hidalgo\/wp-json\/wp\/v2\/media\/587087"}],"wp:attachment":[{"href":"https:\/\/www.zunoticia.com\/noticias-de-hidalgo\/wp-json\/wp\/v2\/media?parent=587082"}],"wp:term":[{"taxonomy":"category","embeddable":true,"href":"https:\/\/www.zunoticia.com\/noticias-de-hidalgo\/wp-json\/wp\/v2\/categories?post=587082"},{"taxonomy":"post_tag","embeddable":true,"href":"https:\/\/www.zunoticia.com\/noticias-de-hidalgo\/wp-json\/wp\/v2\/tags?post=587082"}],"curies":[{"name":"wp","href":"https:\/\/api.w.org\/{rel}","templated":true}]}}