{"id":587094,"date":"2025-03-23T13:00:46","date_gmt":"2025-03-23T19:00:46","guid":{"rendered":"https:\/\/www.zunoticia.com\/noticias-de-hidalgo\/?p=587094"},"modified":"2025-03-23T13:00:47","modified_gmt":"2025-03-23T19:00:47","slug":"alcalde-inauguro-corredor-gastronomico","status":"publish","type":"post","link":"https:\/\/www.zunoticia.com\/noticias-de-hidalgo\/2025\/03\/23\/alcalde-inauguro-corredor-gastronomico\/","title":{"rendered":"Alcalde inaugur\u00f3 Corredor Gastron\u00f3mico"},"content":{"rendered":"<aside class=\"mashsb-container mashsb-main mashsb-stretched\"><div class=\"mashsb-box\"><div class=\"mashsb-count mash-large\" style=\"float:left\"><div class=\"counts mashsbcount\">0<\/div><span class=\"mashsb-sharetext\">SHARES<\/span><\/div><div class=\"mashsb-buttons\"><a class=\"mashicon-facebook mash-large mash-center mashsb-noshadow\" href=\"https:\/\/www.facebook.com\/sharer.php?u=https%3A%2F%2Fwww.zunoticia.com%2Fnoticias-de-hidalgo%2F2025%2F03%2F23%2Falcalde-inauguro-corredor-gastronomico%2F\" target=\"_top\" rel=\"nofollow\"><span class=\"icon\"><\/span><span class=\"text\">Share<\/span><\/a><a class=\"mashicon-twitter mash-large mash-center mashsb-noshadow\" href=\"https:\/\/twitter.com\/intent\/tweet?text=&amp;url=https:\/\/www.zunoticia.com\/noticias-de-hidalgo\/2025\/03\/23\/alcalde-inauguro-corredor-gastronomico\/\" target=\"_top\" rel=\"nofollow\"><span class=\"icon\"><\/span><span class=\"text\">Tweet<\/span><\/a><div class=\"onoffswitch2 mash-large mashsb-noshadow\" style=\"display:none\"><\/div><\/div>\n            <\/div>\n                <div style=\"clear:both\"><\/div><div class=\"mashsb-toggle-container\"><\/div><\/aside>\n            <!-- Share buttons by mashshare.net - Version: 4.0.47-->\n<p><em>Por Karen Rivera\/Zunoticia<\/em><\/p>\n\n\n\n<p><strong>Tlanchinol, Hgo.-<\/strong> Como parte de las actividades fundamentales del 167 Aniversario de la Erecci\u00f3n del Municipio, el presidente municipal, Gabino Hern\u00e1ndez Vite, realiz\u00f3 la inauguraci\u00f3n del corredor gastron\u00f3mico en la Plaza Bicentenario.<\/p>\n\n\n\n<p>En este recorrido el alcalde, Gabino Hern\u00e1ndez Vite, fue acompa\u00f1ado de la Diputada Claudia Lilia Luna Islas, para realizar la inauguraci\u00f3n de este acto protocolario.<\/p>\n\n\n\n<figure class=\"wp-block-image size-full\"><img fetchpriority=\"high\" decoding=\"async\" width=\"1080\" height=\"810\" src=\"https:\/\/www.zunoticia.com\/noticias-de-hidalgo\/wp-content\/uploads\/2025\/03\/eZy-Watermark_23-03-2025_12-05-16-2180p.m.jpg\" alt=\"\" class=\"wp-image-587088\"\/><\/figure>\n\n\n\n<p>Con la finalidad de fortalecer la gastronom\u00eda local y promover el saz\u00f3n \u00fanico de la Sierra hidalguense, diversos habitantes presentaron manjares t\u00edpicos, mismos que degustaron los asistentes.<\/p>\n\n\n\n<p>Con ello se pretende dar un realce y promover la gastronom\u00eda local, atrayendo a m\u00e1s visitantes y turistas que fortalezcan la econom\u00eda de la zona.<\/p>\n","protected":false},"excerpt":{"rendered":"<p>Por Karen Rivera\/Zunoticia Tlanchinol, Hgo.- Como parte de las actividades fundamentales del 167 Aniversario de la Erecci\u00f3n del Municipio, el presidente municipal, Gabino Hern\u00e1ndez Vite, realiz\u00f3 la inauguraci\u00f3n del corredor gastron\u00f3mico en la Plaza Bicentenario. En este recorrido el alcalde, Gabino Hern\u00e1ndez Vite, fue acompa\u00f1ado de la Diputada Claudia Lilia Luna Islas, para realizar la&hellip; <a class=\"more-link\" href=\"https:\/\/www.zunoticia.com\/noticias-de-hidalgo\/2025\/03\/23\/alcalde-inauguro-corredor-gastronomico\/\">Seguir leyendo <span class=\"screen-reader-text\">Alcalde inaugur\u00f3 Corredor Gastron\u00f3mico<\/span><\/a><\/p>\n","protected":false},"author":12,"featured_media":587089,"comment_status":"open","ping_status":"open","sticky":false,"template":"","format":"standard","meta":{"rop_custom_images_group":[],"rop_custom_messages_group":[],"rop_publish_now":"initial","rop_publish_now_accounts":{"facebook_10159540855086992_322828327761733":""},"rop_publish_now_history":[],"rop_publish_now_status":"pending","footnotes":""},"categories":[219,201],"tags":[127],"class_list":["post-587094","post","type-post","status-publish","format-standard","has-post-thumbnail","hentry","category-sierra","category-tlanchinol","tag-tlanchinol","entry"],"_links":{"self":[{"href":"https:\/\/www.zunoticia.com\/noticias-de-hidalgo\/wp-json\/wp\/v2\/posts\/587094","targetHints":{"allow":["GET"]}}],"collection":[{"href":"https:\/\/www.zunoticia.com\/noticias-de-hidalgo\/wp-json\/wp\/v2\/posts"}],"about":[{"href":"https:\/\/www.zunoticia.com\/noticias-de-hidalgo\/wp-json\/wp\/v2\/types\/post"}],"author":[{"embeddable":true,"href":"https:\/\/www.zunoticia.com\/noticias-de-hidalgo\/wp-json\/wp\/v2\/users\/12"}],"replies":[{"embeddable":true,"href":"https:\/\/www.zunoticia.com\/noticias-de-hidalgo\/wp-json\/wp\/v2\/comments?post=587094"}],"version-history":[{"count":1,"href":"https:\/\/www.zunoticia.com\/noticias-de-hidalgo\/wp-json\/wp\/v2\/posts\/587094\/revisions"}],"predecessor-version":[{"id":587095,"href":"https:\/\/www.zunoticia.com\/noticias-de-hidalgo\/wp-json\/wp\/v2\/posts\/587094\/revisions\/587095"}],"wp:featuredmedia":[{"embeddable":true,"href":"https:\/\/www.zunoticia.com\/noticias-de-hidalgo\/wp-json\/wp\/v2\/media\/587089"}],"wp:attachment":[{"href":"https:\/\/www.zunoticia.com\/noticias-de-hidalgo\/wp-json\/wp\/v2\/media?parent=587094"}],"wp:term":[{"taxonomy":"category","embeddable":true,"href":"https:\/\/www.zunoticia.com\/noticias-de-hidalgo\/wp-json\/wp\/v2\/categories?post=587094"},{"taxonomy":"post_tag","embeddable":true,"href":"https:\/\/www.zunoticia.com\/noticias-de-hidalgo\/wp-json\/wp\/v2\/tags?post=587094"}],"curies":[{"name":"wp","href":"https:\/\/api.w.org\/{rel}","templated":true}]}}