{"id":587096,"date":"2025-03-23T13:21:53","date_gmt":"2025-03-23T19:21:53","guid":{"rendered":"https:\/\/www.zunoticia.com\/noticias-de-hidalgo\/?p=587096"},"modified":"2025-03-23T13:21:54","modified_gmt":"2025-03-23T19:21:54","slug":"celebran-con-exito-el-primer-aniversario-de-la-compania-folclorica-ehecatl","status":"publish","type":"post","link":"https:\/\/www.zunoticia.com\/noticias-de-hidalgo\/2025\/03\/23\/celebran-con-exito-el-primer-aniversario-de-la-compania-folclorica-ehecatl\/","title":{"rendered":"Celebran con \u00e9xito el primer aniversario de la compa\u00f1\u00eda folcl\u00f3rica Ehecatl"},"content":{"rendered":"<aside class=\"mashsb-container mashsb-main mashsb-stretched\"><div class=\"mashsb-box\"><div class=\"mashsb-count mash-large\" style=\"float:left\"><div class=\"counts mashsbcount\">0<\/div><span class=\"mashsb-sharetext\">SHARES<\/span><\/div><div class=\"mashsb-buttons\"><a class=\"mashicon-facebook mash-large mash-center mashsb-noshadow\" href=\"https:\/\/www.facebook.com\/sharer.php?u=https%3A%2F%2Fwww.zunoticia.com%2Fnoticias-de-hidalgo%2F2025%2F03%2F23%2Fcelebran-con-exito-el-primer-aniversario-de-la-compania-folclorica-ehecatl%2F\" target=\"_top\" rel=\"nofollow\"><span class=\"icon\"><\/span><span class=\"text\">Share<\/span><\/a><a class=\"mashicon-twitter mash-large mash-center mashsb-noshadow\" href=\"https:\/\/twitter.com\/intent\/tweet?text=&amp;url=https:\/\/www.zunoticia.com\/noticias-de-hidalgo\/2025\/03\/23\/celebran-con-exito-el-primer-aniversario-de-la-compania-folclorica-ehecatl\/\" target=\"_top\" rel=\"nofollow\"><span class=\"icon\"><\/span><span class=\"text\">Tweet<\/span><\/a><div class=\"onoffswitch2 mash-large mashsb-noshadow\" style=\"display:none\"><\/div><\/div>\n            <\/div>\n                <div style=\"clear:both\"><\/div><div class=\"mashsb-toggle-container\"><\/div><\/aside>\n            <!-- Share buttons by mashshare.net - Version: 4.0.47-->\n<p><em>Por Gabriela Hern\u00e1ndez\/Zunoticia<\/em><\/p>\n\n\n\n<p><strong>Huejutla, Hgo.-<\/strong> La explanada del Reloj fue el escenario del primer aniversario de la compa\u00f1\u00eda folcl\u00f3rica &#8220;Ehecatl&#8221;, bajo la direcci\u00f3n del profesor Joel Cruz, donde bailarines se presentaron en un evento que destac\u00f3 la danza tradicional, quienes representaron la riqueza de estados como Hidalgo, Sonora, Michoac\u00e1n y Veracruz.<\/p>\n\n\n\n<figure class=\"wp-block-image size-full\"><img fetchpriority=\"high\" decoding=\"async\" width=\"4032\" height=\"3024\" src=\"https:\/\/www.zunoticia.com\/noticias-de-hidalgo\/wp-content\/uploads\/2025\/03\/eZy-Watermark_23-03-2025_12-11-50-0540p.m.jpg\" alt=\"\" class=\"wp-image-587084\"\/><\/figure>\n\n\n\n<p>Los j\u00f3venes del ballet mostraron su talento, acompa\u00f1ados por los grupos invitados \u201cXinaxtli\u201d, &#8220;Atlapechxochitl\u201d y &#8220;Grupo Saldivar&#8221;, donde sus bailes lograron impresionar a los presentes.<\/p>\n\n\n\n<figure class=\"wp-block-image size-full\"><img decoding=\"async\" width=\"4032\" height=\"3024\" src=\"https:\/\/www.zunoticia.com\/noticias-de-hidalgo\/wp-content\/uploads\/2025\/03\/eZy-Watermark_23-03-2025_12-11-25-5990p.m.jpg\" alt=\"\" class=\"wp-image-587083\"\/><\/figure>\n\n\n\n<p>Este grupo folcl\u00f3rico ha brindado a j\u00f3venes un espacio para desarrollar sus habilidades art\u00edsticas, reflejando su inter\u00e9s por fomentar la cultura en la comunidad. La armon\u00eda en las danzas, as\u00ed como los colores de los trajes t\u00edpicos arrancaron aplausos durante la celebraci\u00f3n.<\/p>\n\n\n\n<figure class=\"wp-block-image size-full\"><img decoding=\"async\" width=\"1600\" height=\"1200\" src=\"https:\/\/www.zunoticia.com\/noticias-de-hidalgo\/wp-content\/uploads\/2025\/03\/eZy-Watermark_23-03-2025_12-10-49-7170p.m.jpg\" alt=\"\" class=\"wp-image-587085\"\/><\/figure>\n\n\n\n<p>La compa\u00f1\u00eda de danza folcl\u00f3rica invita a toda la ciudadan\u00eda interesada en sumarse al grupo, comunicarse al siguiente n\u00famero telef\u00f3nico para m\u00e1s informaci\u00f3n 7711547090 y al 7713534569, o bien en su perfil de Facebook e Instagram \u201cCompa\u00f1\u00eda folcl\u00f3rica&nbsp;Ehecatl\u201d.<\/p>\n","protected":false},"excerpt":{"rendered":"<p>Por Gabriela Hern\u00e1ndez\/Zunoticia Huejutla, Hgo.- La explanada del Reloj fue el escenario del primer aniversario de la compa\u00f1\u00eda folcl\u00f3rica &#8220;Ehecatl&#8221;, bajo la direcci\u00f3n del profesor Joel Cruz, donde bailarines se presentaron en un evento que destac\u00f3 la danza tradicional, quienes representaron la riqueza de estados como Hidalgo, Sonora, Michoac\u00e1n y Veracruz. Los j\u00f3venes del ballet&hellip; <a class=\"more-link\" href=\"https:\/\/www.zunoticia.com\/noticias-de-hidalgo\/2025\/03\/23\/celebran-con-exito-el-primer-aniversario-de-la-compania-folclorica-ehecatl\/\">Seguir leyendo <span class=\"screen-reader-text\">Celebran con \u00e9xito el primer aniversario de la compa\u00f1\u00eda folcl\u00f3rica Ehecatl<\/span><\/a><\/p>\n","protected":false},"author":12,"featured_media":587086,"comment_status":"open","ping_status":"open","sticky":false,"template":"","format":"standard","meta":{"rop_custom_images_group":[],"rop_custom_messages_group":[],"rop_publish_now":"initial","rop_publish_now_accounts":{"facebook_10159540855086992_322828327761733":""},"rop_publish_now_history":[],"rop_publish_now_status":"pending","footnotes":""},"categories":[181],"tags":[121],"class_list":["post-587096","post","type-post","status-publish","format-standard","has-post-thumbnail","hentry","category-huejutla","tag-huejutla","entry"],"_links":{"self":[{"href":"https:\/\/www.zunoticia.com\/noticias-de-hidalgo\/wp-json\/wp\/v2\/posts\/587096","targetHints":{"allow":["GET"]}}],"collection":[{"href":"https:\/\/www.zunoticia.com\/noticias-de-hidalgo\/wp-json\/wp\/v2\/posts"}],"about":[{"href":"https:\/\/www.zunoticia.com\/noticias-de-hidalgo\/wp-json\/wp\/v2\/types\/post"}],"author":[{"embeddable":true,"href":"https:\/\/www.zunoticia.com\/noticias-de-hidalgo\/wp-json\/wp\/v2\/users\/12"}],"replies":[{"embeddable":true,"href":"https:\/\/www.zunoticia.com\/noticias-de-hidalgo\/wp-json\/wp\/v2\/comments?post=587096"}],"version-history":[{"count":1,"href":"https:\/\/www.zunoticia.com\/noticias-de-hidalgo\/wp-json\/wp\/v2\/posts\/587096\/revisions"}],"predecessor-version":[{"id":587097,"href":"https:\/\/www.zunoticia.com\/noticias-de-hidalgo\/wp-json\/wp\/v2\/posts\/587096\/revisions\/587097"}],"wp:featuredmedia":[{"embeddable":true,"href":"https:\/\/www.zunoticia.com\/noticias-de-hidalgo\/wp-json\/wp\/v2\/media\/587086"}],"wp:attachment":[{"href":"https:\/\/www.zunoticia.com\/noticias-de-hidalgo\/wp-json\/wp\/v2\/media?parent=587096"}],"wp:term":[{"taxonomy":"category","embeddable":true,"href":"https:\/\/www.zunoticia.com\/noticias-de-hidalgo\/wp-json\/wp\/v2\/categories?post=587096"},{"taxonomy":"post_tag","embeddable":true,"href":"https:\/\/www.zunoticia.com\/noticias-de-hidalgo\/wp-json\/wp\/v2\/tags?post=587096"}],"curies":[{"name":"wp","href":"https:\/\/api.w.org\/{rel}","templated":true}]}}