{"id":587109,"date":"2025-03-23T15:52:15","date_gmt":"2025-03-23T21:52:15","guid":{"rendered":"https:\/\/www.zunoticia.com\/noticias-de-hidalgo\/?p=587109"},"modified":"2025-03-23T15:52:17","modified_gmt":"2025-03-23T21:52:17","slug":"docentes-participaron-en-conferencia-maestros-que-ensenan-inspiran-y-transforman","status":"publish","type":"post","link":"https:\/\/www.zunoticia.com\/noticias-de-hidalgo\/2025\/03\/23\/docentes-participaron-en-conferencia-maestros-que-ensenan-inspiran-y-transforman\/","title":{"rendered":"Docentes participaron en conferencia \u201cMaestros que ense\u00f1an, inspiran y transforman\u201d"},"content":{"rendered":"<aside class=\"mashsb-container mashsb-main mashsb-stretched\"><div class=\"mashsb-box\"><div class=\"mashsb-count mash-large\" style=\"float:left\"><div class=\"counts mashsbcount\">0<\/div><span class=\"mashsb-sharetext\">SHARES<\/span><\/div><div class=\"mashsb-buttons\"><a class=\"mashicon-facebook mash-large mash-center mashsb-noshadow\" href=\"https:\/\/www.facebook.com\/sharer.php?u=https%3A%2F%2Fwww.zunoticia.com%2Fnoticias-de-hidalgo%2F2025%2F03%2F23%2Fdocentes-participaron-en-conferencia-maestros-que-ensenan-inspiran-y-transforman%2F\" target=\"_top\" rel=\"nofollow\"><span class=\"icon\"><\/span><span class=\"text\">Share<\/span><\/a><a class=\"mashicon-twitter mash-large mash-center mashsb-noshadow\" href=\"https:\/\/twitter.com\/intent\/tweet?text=&amp;url=https:\/\/www.zunoticia.com\/noticias-de-hidalgo\/2025\/03\/23\/docentes-participaron-en-conferencia-maestros-que-ensenan-inspiran-y-transforman\/\" target=\"_top\" rel=\"nofollow\"><span class=\"icon\"><\/span><span class=\"text\">Tweet<\/span><\/a><div class=\"onoffswitch2 mash-large mashsb-noshadow\" style=\"display:none\"><\/div><\/div>\n            <\/div>\n                <div style=\"clear:both\"><\/div><div class=\"mashsb-toggle-container\"><\/div><\/aside>\n            <!-- Share buttons by mashshare.net - Version: 4.0.47-->\n<p><em>Por Gabriela Hern\u00e1ndez\/Zunoticia<\/em><\/p>\n\n\n\n<p><strong>Huejutla, Hgo.-<\/strong> Este s\u00e1bado 23 de marzo, en las instalaciones del Instituto Tecnol\u00f3gico de Huejutla (ITH), maestros de los CECyTE de los planteles Huejutla, Ixcatl\u00e1n y Coacuilco, as\u00ed como docentes de telesecundarias y de diversas primarias, participaron en la conferencia \u201cMaestros que ense\u00f1an, inspiran y transforman\u201d, impartida por el reconocido coach Arturo Orantes.<\/p>\n\n\n\n<figure class=\"wp-block-image size-full\"><img fetchpriority=\"high\" decoding=\"async\" width=\"1080\" height=\"778\" src=\"https:\/\/www.zunoticia.com\/noticias-de-hidalgo\/wp-content\/uploads\/2025\/03\/eZy-Watermark_23-03-2025_01-59-57-0600p.m.jpg\" alt=\"\" class=\"wp-image-587104\"\/><\/figure>\n\n\n\n<p>En el evento se reconoci\u00f3 la destacada participaci\u00f3n y compromiso de la Mtra. Mayra Orta Hern\u00e1ndez, directora del CECyTE Plantel Huejutla; el Mtro. Carlos Daniel Ju\u00e1rez, director del CECyTE Plantel Ixcatl\u00e1n; el Mtro. Te\u00f3filo del \u00c1ngel Badillo, director del CECyTE Plantel Coacuilco y el Mtro. Adri\u00e1n Galv\u00e1n Mart\u00ednez, jefe del Sector 05 de Telesecundarias, quienes, junto a los dem\u00e1s docentes, demostraron su entrega y disposici\u00f3n para seguir aprendiendo y fortaleciendo la educaci\u00f3n en la regi\u00f3n.<\/p>\n\n\n\n<figure class=\"wp-block-image size-full\"><img decoding=\"async\" width=\"1080\" height=\"810\" src=\"https:\/\/www.zunoticia.com\/noticias-de-hidalgo\/wp-content\/uploads\/2025\/03\/eZy-Watermark_23-03-2025_01-59-41-4160p.m.jpg\" alt=\"\" class=\"wp-image-587105\"\/><\/figure>\n\n\n\n<p>Durante este encuentro adquirieron herramientas clave para fortalecer su liderazgo, innovar en su ense\u00f1anza y seguir impactando positivamente a sus alumnos. La actividad fue posible gracias al respaldo del Presidente Municipal, Alfredo San Rom\u00e1n, y la coordinaci\u00f3n del \u00e1rea de Reglamentos y Espect\u00e1culos, dirigida por la C. Nallely Lara Arg\u00fcelles, quienes contin\u00faan impulsando el desarrollo educativo&nbsp;en&nbsp;Huejutla.<\/p>\n\n\n\n<figure class=\"wp-block-image size-full\"><img decoding=\"async\" width=\"1080\" height=\"652\" src=\"https:\/\/www.zunoticia.com\/noticias-de-hidalgo\/wp-content\/uploads\/2025\/03\/eZy-Watermark_23-03-2025_02-00-28-8830p.m.jpg\" alt=\"\" class=\"wp-image-587106\"\/><\/figure>\n","protected":false},"excerpt":{"rendered":"<p>Por Gabriela Hern\u00e1ndez\/Zunoticia Huejutla, Hgo.- Este s\u00e1bado 23 de marzo, en las instalaciones del Instituto Tecnol\u00f3gico de Huejutla (ITH), maestros de los CECyTE de los planteles Huejutla, Ixcatl\u00e1n y Coacuilco, as\u00ed como docentes de telesecundarias y de diversas primarias, participaron en la conferencia \u201cMaestros que ense\u00f1an, inspiran y transforman\u201d, impartida por el reconocido coach Arturo&hellip; <a class=\"more-link\" href=\"https:\/\/www.zunoticia.com\/noticias-de-hidalgo\/2025\/03\/23\/docentes-participaron-en-conferencia-maestros-que-ensenan-inspiran-y-transforman\/\">Seguir leyendo <span class=\"screen-reader-text\">Docentes participaron en conferencia \u201cMaestros que ense\u00f1an, inspiran y transforman\u201d<\/span><\/a><\/p>\n","protected":false},"author":12,"featured_media":587107,"comment_status":"open","ping_status":"open","sticky":false,"template":"","format":"standard","meta":{"rop_custom_images_group":[],"rop_custom_messages_group":[],"rop_publish_now":"initial","rop_publish_now_accounts":{"facebook_10159540855086992_322828327761733":""},"rop_publish_now_history":[],"rop_publish_now_status":"pending","footnotes":""},"categories":[181],"tags":[121],"class_list":["post-587109","post","type-post","status-publish","format-standard","has-post-thumbnail","hentry","category-huejutla","tag-huejutla","entry"],"_links":{"self":[{"href":"https:\/\/www.zunoticia.com\/noticias-de-hidalgo\/wp-json\/wp\/v2\/posts\/587109","targetHints":{"allow":["GET"]}}],"collection":[{"href":"https:\/\/www.zunoticia.com\/noticias-de-hidalgo\/wp-json\/wp\/v2\/posts"}],"about":[{"href":"https:\/\/www.zunoticia.com\/noticias-de-hidalgo\/wp-json\/wp\/v2\/types\/post"}],"author":[{"embeddable":true,"href":"https:\/\/www.zunoticia.com\/noticias-de-hidalgo\/wp-json\/wp\/v2\/users\/12"}],"replies":[{"embeddable":true,"href":"https:\/\/www.zunoticia.com\/noticias-de-hidalgo\/wp-json\/wp\/v2\/comments?post=587109"}],"version-history":[{"count":1,"href":"https:\/\/www.zunoticia.com\/noticias-de-hidalgo\/wp-json\/wp\/v2\/posts\/587109\/revisions"}],"predecessor-version":[{"id":587110,"href":"https:\/\/www.zunoticia.com\/noticias-de-hidalgo\/wp-json\/wp\/v2\/posts\/587109\/revisions\/587110"}],"wp:featuredmedia":[{"embeddable":true,"href":"https:\/\/www.zunoticia.com\/noticias-de-hidalgo\/wp-json\/wp\/v2\/media\/587107"}],"wp:attachment":[{"href":"https:\/\/www.zunoticia.com\/noticias-de-hidalgo\/wp-json\/wp\/v2\/media?parent=587109"}],"wp:term":[{"taxonomy":"category","embeddable":true,"href":"https:\/\/www.zunoticia.com\/noticias-de-hidalgo\/wp-json\/wp\/v2\/categories?post=587109"},{"taxonomy":"post_tag","embeddable":true,"href":"https:\/\/www.zunoticia.com\/noticias-de-hidalgo\/wp-json\/wp\/v2\/tags?post=587109"}],"curies":[{"name":"wp","href":"https:\/\/api.w.org\/{rel}","templated":true}]}}