{"id":587137,"date":"2025-03-23T17:18:26","date_gmt":"2025-03-23T23:18:26","guid":{"rendered":"https:\/\/www.zunoticia.com\/noticias-de-hidalgo\/?p=587137"},"modified":"2025-03-23T17:18:28","modified_gmt":"2025-03-23T23:18:28","slug":"concluye-sheinbaum-pardo-gira-por-hidalgo-con-inauguracion-de-la-carretera-real-del-monte-huasca","status":"publish","type":"post","link":"https:\/\/www.zunoticia.com\/noticias-de-hidalgo\/2025\/03\/23\/concluye-sheinbaum-pardo-gira-por-hidalgo-con-inauguracion-de-la-carretera-real-del-monte-huasca\/","title":{"rendered":"Concluye Sheinbaum Pardo gira por Hidalgo con inauguraci\u00f3n de la carretera Real del Monte \u2013 Huasca"},"content":{"rendered":"<aside class=\"mashsb-container mashsb-main mashsb-stretched\"><div class=\"mashsb-box\"><div class=\"mashsb-count mash-large\" style=\"float:left\"><div class=\"counts mashsbcount\">0<\/div><span class=\"mashsb-sharetext\">SHARES<\/span><\/div><div class=\"mashsb-buttons\"><a class=\"mashicon-facebook mash-large mash-center mashsb-noshadow\" href=\"https:\/\/www.facebook.com\/sharer.php?u=https%3A%2F%2Fwww.zunoticia.com%2Fnoticias-de-hidalgo%2F2025%2F03%2F23%2Fconcluye-sheinbaum-pardo-gira-por-hidalgo-con-inauguracion-de-la-carretera-real-del-monte-huasca%2F\" target=\"_top\" rel=\"nofollow\"><span class=\"icon\"><\/span><span class=\"text\">Share<\/span><\/a><a class=\"mashicon-twitter mash-large mash-center mashsb-noshadow\" href=\"https:\/\/twitter.com\/intent\/tweet?text=&amp;url=https:\/\/www.zunoticia.com\/noticias-de-hidalgo\/2025\/03\/23\/concluye-sheinbaum-pardo-gira-por-hidalgo-con-inauguracion-de-la-carretera-real-del-monte-huasca\/\" target=\"_top\" rel=\"nofollow\"><span class=\"icon\"><\/span><span class=\"text\">Tweet<\/span><\/a><div class=\"onoffswitch2 mash-large mashsb-noshadow\" style=\"display:none\"><\/div><\/div>\n            <\/div>\n                <div style=\"clear:both\"><\/div><div class=\"mashsb-toggle-container\"><\/div><\/aside>\n            <!-- Share buttons by mashshare.net - Version: 4.0.47-->\n<ul class=\"wp-block-list\">\n<li>Con el inicio de diversos proyectos prioritarios, el gobierno federal respalda al pueblo de Hidalgo y a la administraci\u00f3n de Julio Menchaca.<\/li>\n<\/ul>\n\n\n\n<p><em>Por Redacci\u00f3n\/Zunoticia<\/em><\/p>\n\n\n\n<p><strong>Omitl\u00e1n de Ju\u00e1rez, Hgo.-<\/strong> Para concluir su gira de trabajo por el estado de Hidalgo, la presidenta de M\u00e9xico, Claudia Sheinbaum Pardo, junto al gobernador Julio Menchaca Salazar, inaugur\u00f3 la modernizaci\u00f3n de la autopista Real del Monte &#8211; Huasca y del tramo Cerro Colorado &#8211; Zacualtip\u00e1n.<\/p>\n\n\n\n<figure class=\"wp-block-image size-full\"><img fetchpriority=\"high\" decoding=\"async\" width=\"1280\" height=\"853\" src=\"https:\/\/www.zunoticia.com\/noticias-de-hidalgo\/wp-content\/uploads\/2025\/03\/eZy-Watermark_23-03-2025_04-58-27-0430p.m.jpg\" alt=\"\" class=\"wp-image-587134\"\/><\/figure>\n\n\n\n<p>Durante su mensaje, la presidenta dio a conocer que este a\u00f1o iniciar\u00e1 la construcci\u00f3n de la carretera Huejutla &#8211; Tamazunchale para garantizar una conectividad digna entre diversas entidades; adem\u00e1s, se\u00f1al\u00f3 que se reforzar\u00e1n los distintos programas sociales para que el segundo piso de la cuarta transformaci\u00f3n cumpla con preceptos como \u201cpor el bien de todos, primero los m\u00e1s pobres\u201d.<\/p>\n\n\n\n<figure class=\"wp-block-image size-full\"><img decoding=\"async\" width=\"1280\" height=\"853\" src=\"https:\/\/www.zunoticia.com\/noticias-de-hidalgo\/wp-content\/uploads\/2025\/03\/eZy-Watermark_23-03-2025_04-59-23-5280p.m.jpg\" alt=\"\" class=\"wp-image-587132\"\/><\/figure>\n\n\n\n<p>Respecto a los beneficios que esta v\u00eda traer\u00e1 para el pueblo hidalguense, Menchaca Salazar refiri\u00f3 que conectar\u00e1 el centro con el norte del estado, permitiendo impulsar la actividad econ\u00f3mica, comercial y los servicios. Por otra parte, el gobernador reconoci\u00f3 el cari\u00f1o y respaldo mostrado por parte de la mandataria federal hacia la entidad:<\/p>\n\n\n\n<p>\u201cUsted es solidaria con todas las causas de este pa\u00eds y su visita nos permite reconocer la continuidad de un esfuerzo del gobierno federal, del gobierno de la transformaci\u00f3n\u201d, enfatiz\u00f3 el mandatario estatal al reiterar el apoyo de las y los hidalguenses hacia la pol\u00edtica exterior impulsada por la presidenta ante las posturas del gobierno estadounidense.<\/p>\n\n\n\n<figure class=\"wp-block-image size-full\"><img decoding=\"async\" width=\"1280\" height=\"506\" src=\"https:\/\/www.zunoticia.com\/noticias-de-hidalgo\/wp-content\/uploads\/2025\/03\/eZy-Watermark_23-03-2025_04-59-00-3780p.m.jpg\" alt=\"\" class=\"wp-image-587133\"\/><\/figure>\n\n\n\n<p>Jes\u00fas Antonio Esteva Medina, secretario de Infraestructura, Comunicaciones y Transportes del Gobierno de M\u00e9xico, inform\u00f3 que el tramo Real del Monte &#8211; Huasca represent\u00f3 una inversi\u00f3n de 5 mil 500 millones de pesos, contando con una longitud de 9.8 kil\u00f3metros, 18 estructuras, 2 entronques, 2 carriles por sentido, 6 viaductos, 5 pasos vehiculares, una b\u00f3veda para el R\u00edo Amajac y 1.4 kil\u00f3metros de t\u00faneles.<\/p>\n\n\n\n<p>Como parte de la visita, la presidenta de M\u00e9xico y el titular del Ejecutivo de Hidalgo realizaron un recorrido por el tramo Cerro Colorado &#8211; Zacualtip\u00e1n.<\/p>\n\n\n\n<p>Para finalizar, Sheinbaum Pardo reconoci\u00f3 en Julio Menchaca a un gobernante cercano y atento a las necesidades de la poblaci\u00f3n: \u201cHidalgo tiene un gran gobernador en Julio, es un hombre de principios, trabajador. Gracias por tu esfuerzo, se nota en el cari\u00f1o de la gente\u201d, concluy\u00f3.<\/p>\n","protected":false},"excerpt":{"rendered":"<p>Por Redacci\u00f3n\/Zunoticia Omitl\u00e1n de Ju\u00e1rez, Hgo.- Para concluir su gira de trabajo por el estado de Hidalgo, la presidenta de M\u00e9xico, Claudia Sheinbaum Pardo, junto al gobernador Julio Menchaca Salazar, inaugur\u00f3 la modernizaci\u00f3n de la autopista Real del Monte &#8211; Huasca y del tramo Cerro Colorado &#8211; Zacualtip\u00e1n. Durante su mensaje, la presidenta dio a&hellip; <a class=\"more-link\" href=\"https:\/\/www.zunoticia.com\/noticias-de-hidalgo\/2025\/03\/23\/concluye-sheinbaum-pardo-gira-por-hidalgo-con-inauguracion-de-la-carretera-real-del-monte-huasca\/\">Seguir leyendo <span class=\"screen-reader-text\">Concluye Sheinbaum Pardo gira por Hidalgo con inauguraci\u00f3n de la carretera Real del Monte \u2013 Huasca<\/span><\/a><\/p>\n","protected":false},"author":12,"featured_media":587131,"comment_status":"open","ping_status":"open","sticky":false,"template":"","format":"standard","meta":{"rop_custom_images_group":[],"rop_custom_messages_group":[],"rop_publish_now":"initial","rop_publish_now_accounts":{"facebook_10159540855086992_322828327761733":""},"rop_publish_now_history":[],"rop_publish_now_status":"pending","footnotes":""},"categories":[208],"tags":[214],"class_list":["post-587137","post","type-post","status-publish","format-standard","has-post-thumbnail","hentry","category-estado","tag-estado","entry"],"_links":{"self":[{"href":"https:\/\/www.zunoticia.com\/noticias-de-hidalgo\/wp-json\/wp\/v2\/posts\/587137","targetHints":{"allow":["GET"]}}],"collection":[{"href":"https:\/\/www.zunoticia.com\/noticias-de-hidalgo\/wp-json\/wp\/v2\/posts"}],"about":[{"href":"https:\/\/www.zunoticia.com\/noticias-de-hidalgo\/wp-json\/wp\/v2\/types\/post"}],"author":[{"embeddable":true,"href":"https:\/\/www.zunoticia.com\/noticias-de-hidalgo\/wp-json\/wp\/v2\/users\/12"}],"replies":[{"embeddable":true,"href":"https:\/\/www.zunoticia.com\/noticias-de-hidalgo\/wp-json\/wp\/v2\/comments?post=587137"}],"version-history":[{"count":1,"href":"https:\/\/www.zunoticia.com\/noticias-de-hidalgo\/wp-json\/wp\/v2\/posts\/587137\/revisions"}],"predecessor-version":[{"id":587138,"href":"https:\/\/www.zunoticia.com\/noticias-de-hidalgo\/wp-json\/wp\/v2\/posts\/587137\/revisions\/587138"}],"wp:featuredmedia":[{"embeddable":true,"href":"https:\/\/www.zunoticia.com\/noticias-de-hidalgo\/wp-json\/wp\/v2\/media\/587131"}],"wp:attachment":[{"href":"https:\/\/www.zunoticia.com\/noticias-de-hidalgo\/wp-json\/wp\/v2\/media?parent=587137"}],"wp:term":[{"taxonomy":"category","embeddable":true,"href":"https:\/\/www.zunoticia.com\/noticias-de-hidalgo\/wp-json\/wp\/v2\/categories?post=587137"},{"taxonomy":"post_tag","embeddable":true,"href":"https:\/\/www.zunoticia.com\/noticias-de-hidalgo\/wp-json\/wp\/v2\/tags?post=587137"}],"curies":[{"name":"wp","href":"https:\/\/api.w.org\/{rel}","templated":true}]}}