{"id":587153,"date":"2025-03-23T18:47:26","date_gmt":"2025-03-24T00:47:26","guid":{"rendered":"https:\/\/www.zunoticia.com\/noticias-de-hidalgo\/?p=587153"},"modified":"2025-03-23T18:47:28","modified_gmt":"2025-03-24T00:47:28","slug":"movimiento-ciudadano-celebro-su-6ta-asamblea-nacional-en-monterrey","status":"publish","type":"post","link":"https:\/\/www.zunoticia.com\/noticias-de-hidalgo\/2025\/03\/23\/movimiento-ciudadano-celebro-su-6ta-asamblea-nacional-en-monterrey\/","title":{"rendered":"Movimiento Ciudadano celebr\u00f3 su 6ta Asamblea Nacional en Monterrey"},"content":{"rendered":"<aside class=\"mashsb-container mashsb-main mashsb-stretched\"><div class=\"mashsb-box\"><div class=\"mashsb-count mash-large\" style=\"float:left\"><div class=\"counts mashsbcount\">0<\/div><span class=\"mashsb-sharetext\">SHARES<\/span><\/div><div class=\"mashsb-buttons\"><a class=\"mashicon-facebook mash-large mash-center mashsb-noshadow\" href=\"https:\/\/www.facebook.com\/sharer.php?u=https%3A%2F%2Fwww.zunoticia.com%2Fnoticias-de-hidalgo%2F2025%2F03%2F23%2Fmovimiento-ciudadano-celebro-su-6ta-asamblea-nacional-en-monterrey%2F\" target=\"_top\" rel=\"nofollow\"><span class=\"icon\"><\/span><span class=\"text\">Share<\/span><\/a><a class=\"mashicon-twitter mash-large mash-center mashsb-noshadow\" href=\"https:\/\/twitter.com\/intent\/tweet?text=&amp;url=https:\/\/www.zunoticia.com\/noticias-de-hidalgo\/2025\/03\/23\/movimiento-ciudadano-celebro-su-6ta-asamblea-nacional-en-monterrey\/\" target=\"_top\" rel=\"nofollow\"><span class=\"icon\"><\/span><span class=\"text\">Tweet<\/span><\/a><div class=\"onoffswitch2 mash-large mashsb-noshadow\" style=\"display:none\"><\/div><\/div>\n            <\/div>\n                <div style=\"clear:both\"><\/div><div class=\"mashsb-toggle-container\"><\/div><\/aside>\n            <!-- Share buttons by mashshare.net - Version: 4.0.47-->\n<ul class=\"wp-block-list\">\n<li>&#8220;Unidad y visi\u00f3n de futuro para M\u00e9xico&#8221;.<\/li>\n<\/ul>\n\n\n\n<p><em>Por Karen Rivera\/Zunoticia<\/em><\/p>\n\n\n\n<p><strong>Huejutla de Reyes, Hgo.-<\/strong> El 22 y 23 de marzo de 2025, la ciudad de Monterrey fue sede de la 6ta Asamblea Nacional de la Coordinaci\u00f3n Nacional de Movimiento Ciudadano (MC), evento al que asistieron representantes de todos los estados de la Rep\u00fablica Mexicana. En el encuentro se reafirm\u00f3 el compromiso del partido con una pol\u00edtica cercana a la ciudadan\u00eda y con un proyecto de futuro que busca transformar al pa\u00eds.<\/p>\n\n\n\n<p>El regidor de MC en Nuevo Le\u00f3n, Omar \u00c1ngeles Montiel, destac\u00f3 la importancia de continuar con el trabajo constante en beneficio de los ciudadanos, se\u00f1alando que el crecimiento de Movimiento Ciudadano se debe a su visi\u00f3n congruente y su enfoque hacia un futuro mejor para M\u00e9xico.<\/p>\n\n\n\n<p>&#8220;Con trabajo permanente a favor de los ciudadanos es como el proyecto de MC sigue creciendo y se convierte en la \u00fanica alternativa congruente, con visi\u00f3n de futuro en M\u00e9xico. No vamos a reservar ning\u00fan esfuerzo hasta que cambiemos la forma de hacer una pol\u00edtica social que genere oportunidades iguales para todas y todos&#8221;, expres\u00f3 \u00c1ngeles Montiel.<\/p>\n\n\n\n<p>El evento tambi\u00e9n cont\u00f3 con la presencia de importantes figuras del partido, entre ellas, el Coordinador Nacional de Movimiento Ciudadano, Jorge \u00c1lvarez M\u00e1ynez; el Gobernador de Nuevo Le\u00f3n, Samuel Alejandro Garc\u00eda y el Dirigente Estatal de MC en Hidalgo, Juan Ignacio Samperio Monta\u00f1o, quienes acompa\u00f1aron a los asistentes en esta jornada de reflexi\u00f3n y unidad.<\/p>\n\n\n\n<p>\u00c1ngeles Montiel aprovech\u00f3 la ocasi\u00f3n para enviar un mensaje claro y contundente: &#8220;En Guadalupe, Nuevo Le\u00f3n, nos reunimos las autoridades municipales de MC de toda la Rep\u00fablica, y el mensaje es muy claro: necesitamos construir un M\u00e9xico m\u00e1s justo, un M\u00e9xico m\u00e1s fuerte, un M\u00e9xico m\u00e1s digno, un pa\u00eds donde la pol\u00edtica est\u00e9 al servicio de la gente y no al servicio de los gobernantes&#8221;.<\/p>\n\n\n\n<p>Con un mensaje de esperanza y fuerza, el regidor enfatiz\u00f3 que Movimiento Ciudadano sigue consolid\u00e1ndose como una opci\u00f3n real de cambio y progreso.<\/p>\n\n\n\n<p>&#8220;\u00a1Vamos por m\u00e1s gobiernos diferentes, buenos gobiernos!&#8221;, exclam\u00f3, asegurando que el trabajo de MC en todo el pa\u00eds continuar\u00e1 en esta l\u00ednea de transformaci\u00f3n pol\u00edtica.<\/p>\n\n\n\n<p>La 6ta Asamblea Nacional de Movimiento Ciudadano se cerr\u00f3 con el compromiso de seguir impulsando una pol\u00edtica cercana a la gente, donde la justicia social y la igualdad de oportunidades sean las piedras angulares del proyecto del partido en el futuro pol\u00edtico de M\u00e9xico.<\/p>\n","protected":false},"excerpt":{"rendered":"<p>Por Karen Rivera\/Zunoticia Huejutla de Reyes, Hgo.- El 22 y 23 de marzo de 2025, la ciudad de Monterrey fue sede de la 6ta Asamblea Nacional de la Coordinaci\u00f3n Nacional de Movimiento Ciudadano (MC), evento al que asistieron representantes de todos los estados de la Rep\u00fablica Mexicana. En el encuentro se reafirm\u00f3 el compromiso del&hellip; <a class=\"more-link\" href=\"https:\/\/www.zunoticia.com\/noticias-de-hidalgo\/2025\/03\/23\/movimiento-ciudadano-celebro-su-6ta-asamblea-nacional-en-monterrey\/\">Seguir leyendo <span class=\"screen-reader-text\">Movimiento Ciudadano celebr\u00f3 su 6ta Asamblea Nacional en Monterrey<\/span><\/a><\/p>\n","protected":false},"author":12,"featured_media":587147,"comment_status":"open","ping_status":"open","sticky":false,"template":"","format":"standard","meta":{"rop_custom_images_group":[],"rop_custom_messages_group":[],"rop_publish_now":"initial","rop_publish_now_accounts":{"facebook_10159540855086992_322828327761733":""},"rop_publish_now_history":[],"rop_publish_now_status":"pending","footnotes":""},"categories":[181],"tags":[121],"class_list":["post-587153","post","type-post","status-publish","format-standard","has-post-thumbnail","hentry","category-huejutla","tag-huejutla","entry"],"_links":{"self":[{"href":"https:\/\/www.zunoticia.com\/noticias-de-hidalgo\/wp-json\/wp\/v2\/posts\/587153","targetHints":{"allow":["GET"]}}],"collection":[{"href":"https:\/\/www.zunoticia.com\/noticias-de-hidalgo\/wp-json\/wp\/v2\/posts"}],"about":[{"href":"https:\/\/www.zunoticia.com\/noticias-de-hidalgo\/wp-json\/wp\/v2\/types\/post"}],"author":[{"embeddable":true,"href":"https:\/\/www.zunoticia.com\/noticias-de-hidalgo\/wp-json\/wp\/v2\/users\/12"}],"replies":[{"embeddable":true,"href":"https:\/\/www.zunoticia.com\/noticias-de-hidalgo\/wp-json\/wp\/v2\/comments?post=587153"}],"version-history":[{"count":1,"href":"https:\/\/www.zunoticia.com\/noticias-de-hidalgo\/wp-json\/wp\/v2\/posts\/587153\/revisions"}],"predecessor-version":[{"id":587154,"href":"https:\/\/www.zunoticia.com\/noticias-de-hidalgo\/wp-json\/wp\/v2\/posts\/587153\/revisions\/587154"}],"wp:featuredmedia":[{"embeddable":true,"href":"https:\/\/www.zunoticia.com\/noticias-de-hidalgo\/wp-json\/wp\/v2\/media\/587147"}],"wp:attachment":[{"href":"https:\/\/www.zunoticia.com\/noticias-de-hidalgo\/wp-json\/wp\/v2\/media?parent=587153"}],"wp:term":[{"taxonomy":"category","embeddable":true,"href":"https:\/\/www.zunoticia.com\/noticias-de-hidalgo\/wp-json\/wp\/v2\/categories?post=587153"},{"taxonomy":"post_tag","embeddable":true,"href":"https:\/\/www.zunoticia.com\/noticias-de-hidalgo\/wp-json\/wp\/v2\/tags?post=587153"}],"curies":[{"name":"wp","href":"https:\/\/api.w.org\/{rel}","templated":true}]}}