{"id":587277,"date":"2025-03-25T10:38:43","date_gmt":"2025-03-25T16:38:43","guid":{"rendered":"https:\/\/www.zunoticia.com\/noticias-de-hidalgo\/?p=587277"},"modified":"2025-03-25T10:46:13","modified_gmt":"2025-03-25T16:46:13","slug":"se-lesiono-y-destrozo-su-camioneta-al-chocar-con-un-arbol","status":"publish","type":"post","link":"https:\/\/www.zunoticia.com\/noticias-de-hidalgo\/2025\/03\/25\/se-lesiono-y-destrozo-su-camioneta-al-chocar-con-un-arbol\/","title":{"rendered":"Se lesion\u00f3 y destroz\u00f3 su camioneta al chocar con un \u00e1rbol"},"content":{"rendered":"<aside class=\"mashsb-container mashsb-main mashsb-stretched\"><div class=\"mashsb-box\"><div class=\"mashsb-count mash-large\" style=\"float:left\"><div class=\"counts mashsbcount\">0<\/div><span class=\"mashsb-sharetext\">SHARES<\/span><\/div><div class=\"mashsb-buttons\"><a class=\"mashicon-facebook mash-large mash-center mashsb-noshadow\" href=\"https:\/\/www.facebook.com\/sharer.php?u=https%3A%2F%2Fwww.zunoticia.com%2Fnoticias-de-hidalgo%2F2025%2F03%2F25%2Fse-lesiono-y-destrozo-su-camioneta-al-chocar-con-un-arbol%2F\" target=\"_top\" rel=\"nofollow\"><span class=\"icon\"><\/span><span class=\"text\">Share<\/span><\/a><a class=\"mashicon-twitter mash-large mash-center mashsb-noshadow\" href=\"https:\/\/twitter.com\/intent\/tweet?text=&amp;url=https:\/\/www.zunoticia.com\/noticias-de-hidalgo\/2025\/03\/25\/se-lesiono-y-destrozo-su-camioneta-al-chocar-con-un-arbol\/\" target=\"_top\" rel=\"nofollow\"><span class=\"icon\"><\/span><span class=\"text\">Tweet<\/span><\/a><div class=\"onoffswitch2 mash-large mashsb-noshadow\" style=\"display:none\"><\/div><\/div>\n            <\/div>\n                <div style=\"clear:both\"><\/div><div class=\"mashsb-toggle-container\"><\/div><\/aside>\n            <!-- Share buttons by mashshare.net - Version: 4.0.47-->\n<ul class=\"wp-block-list\">\n<li>Presuntamente conduc\u00eda a exceso de velocidad<\/li>\n<\/ul>\n\n\n\n<p><em>Por Roberto Ram\u00edrez \/Zunoticia<\/em><\/p>\n\n\n\n<p><strong>Calnali, Hgo. \u2013<\/strong> Un conductor que presuntamente manejaba a exceso de velocidad su camioneta sufri\u00f3 una salida de camino hasta terminar chocando con un \u00e1rbol y una cerca de alambre, lesion\u00e1ndose y destrozando su veh\u00edculo automotor, cuerpos de emergencia llegaron al lugar para auxiliar al herido.<\/p>\n\n\n\n<p>El accidente ocurri\u00f3 sobre la v\u00eda estatal Atlapexco-Calnali antes de llegar a este municipio, lugar donde una camioneta Nissan Frontier color naranja imperial, sufri\u00f3 fuerte accidente tras chocar con un \u00e1rbol y una cerca de alambre de p\u00faas con malla cicl\u00f3nica, param\u00e9dicos de Protecci\u00f3n Civil Municipal llegaron al sitio para auxiliar al chofer que sufri\u00f3 diversas lesiones, siendo llevado al centro de salud.<\/p>\n\n\n\n<figure class=\"wp-block-image size-full\"><img fetchpriority=\"high\" decoding=\"async\" width=\"1080\" height=\"704\" src=\"https:\/\/www.zunoticia.com\/noticias-de-hidalgo\/wp-content\/uploads\/2025\/03\/Destrozo-su-camioneta-2.jpeg\" alt=\"\" class=\"wp-image-587279\"\/><\/figure>\n\n\n\n<p>Mientras que oficiales de la Secretar\u00eda de Seguridad P\u00fablica Municipal tomaron conocimiento de los hechos, dieron vialidad y deslindaron responsabilidades, la camioneta que sufri\u00f3 cuantiosos da\u00f1os materiales fue resguardada por la polic\u00eda.<\/p>\n","protected":false},"excerpt":{"rendered":"<p>Por Roberto Ram\u00edrez \/Zunoticia Calnali, Hgo. \u2013 Un conductor que presuntamente manejaba a exceso de velocidad su camioneta sufri\u00f3 una salida de camino hasta terminar chocando con un \u00e1rbol y una cerca de alambre, lesion\u00e1ndose y destrozando su veh\u00edculo automotor, cuerpos de emergencia llegaron al lugar para auxiliar al herido. El accidente ocurri\u00f3 sobre la&hellip; <a class=\"more-link\" href=\"https:\/\/www.zunoticia.com\/noticias-de-hidalgo\/2025\/03\/25\/se-lesiono-y-destrozo-su-camioneta-al-chocar-con-un-arbol\/\">Seguir leyendo <span class=\"screen-reader-text\">Se lesion\u00f3 y destroz\u00f3 su camioneta al chocar con un \u00e1rbol<\/span><\/a><\/p>\n","protected":false},"author":23,"featured_media":587278,"comment_status":"open","ping_status":"open","sticky":false,"template":"","format":"standard","meta":{"rop_custom_images_group":[],"rop_custom_messages_group":[],"rop_publish_now":"initial","rop_publish_now_accounts":{"facebook_10159540855086992_322828327761733":""},"rop_publish_now_history":[],"rop_publish_now_status":"pending","footnotes":""},"categories":[222,178],"tags":[259],"class_list":["post-587277","post","type-post","status-publish","format-standard","has-post-thumbnail","hentry","category-calnali","category-policiaca","tag-policiaca","entry"],"_links":{"self":[{"href":"https:\/\/www.zunoticia.com\/noticias-de-hidalgo\/wp-json\/wp\/v2\/posts\/587277","targetHints":{"allow":["GET"]}}],"collection":[{"href":"https:\/\/www.zunoticia.com\/noticias-de-hidalgo\/wp-json\/wp\/v2\/posts"}],"about":[{"href":"https:\/\/www.zunoticia.com\/noticias-de-hidalgo\/wp-json\/wp\/v2\/types\/post"}],"author":[{"embeddable":true,"href":"https:\/\/www.zunoticia.com\/noticias-de-hidalgo\/wp-json\/wp\/v2\/users\/23"}],"replies":[{"embeddable":true,"href":"https:\/\/www.zunoticia.com\/noticias-de-hidalgo\/wp-json\/wp\/v2\/comments?post=587277"}],"version-history":[{"count":2,"href":"https:\/\/www.zunoticia.com\/noticias-de-hidalgo\/wp-json\/wp\/v2\/posts\/587277\/revisions"}],"predecessor-version":[{"id":587281,"href":"https:\/\/www.zunoticia.com\/noticias-de-hidalgo\/wp-json\/wp\/v2\/posts\/587277\/revisions\/587281"}],"wp:featuredmedia":[{"embeddable":true,"href":"https:\/\/www.zunoticia.com\/noticias-de-hidalgo\/wp-json\/wp\/v2\/media\/587278"}],"wp:attachment":[{"href":"https:\/\/www.zunoticia.com\/noticias-de-hidalgo\/wp-json\/wp\/v2\/media?parent=587277"}],"wp:term":[{"taxonomy":"category","embeddable":true,"href":"https:\/\/www.zunoticia.com\/noticias-de-hidalgo\/wp-json\/wp\/v2\/categories?post=587277"},{"taxonomy":"post_tag","embeddable":true,"href":"https:\/\/www.zunoticia.com\/noticias-de-hidalgo\/wp-json\/wp\/v2\/tags?post=587277"}],"curies":[{"name":"wp","href":"https:\/\/api.w.org\/{rel}","templated":true}]}}