{"id":587296,"date":"2025-03-25T13:38:21","date_gmt":"2025-03-25T19:38:21","guid":{"rendered":"https:\/\/www.zunoticia.com\/noticias-de-hidalgo\/?p=587296"},"modified":"2025-03-25T13:38:23","modified_gmt":"2025-03-25T19:38:23","slug":"icathi-huejutla-realiza-feria-de-vinculacion-por-30-aniversario","status":"publish","type":"post","link":"https:\/\/www.zunoticia.com\/noticias-de-hidalgo\/2025\/03\/25\/icathi-huejutla-realiza-feria-de-vinculacion-por-30-aniversario\/","title":{"rendered":"ICATHI Huejutla realiza Feria de Vinculaci\u00f3n por 30 aniversario"},"content":{"rendered":"<aside class=\"mashsb-container mashsb-main mashsb-stretched\"><div class=\"mashsb-box\"><div class=\"mashsb-count mash-large\" style=\"float:left\"><div class=\"counts mashsbcount\">0<\/div><span class=\"mashsb-sharetext\">SHARES<\/span><\/div><div class=\"mashsb-buttons\"><a class=\"mashicon-facebook mash-large mash-center mashsb-noshadow\" href=\"https:\/\/www.facebook.com\/sharer.php?u=https%3A%2F%2Fwww.zunoticia.com%2Fnoticias-de-hidalgo%2F2025%2F03%2F25%2Ficathi-huejutla-realiza-feria-de-vinculacion-por-30-aniversario%2F\" target=\"_top\" rel=\"nofollow\"><span class=\"icon\"><\/span><span class=\"text\">Share<\/span><\/a><a class=\"mashicon-twitter mash-large mash-center mashsb-noshadow\" href=\"https:\/\/twitter.com\/intent\/tweet?text=&amp;url=https:\/\/www.zunoticia.com\/noticias-de-hidalgo\/2025\/03\/25\/icathi-huejutla-realiza-feria-de-vinculacion-por-30-aniversario\/\" target=\"_top\" rel=\"nofollow\"><span class=\"icon\"><\/span><span class=\"text\">Tweet<\/span><\/a><div class=\"onoffswitch2 mash-large mashsb-noshadow\" style=\"display:none\"><\/div><\/div>\n            <\/div>\n                <div style=\"clear:both\"><\/div><div class=\"mashsb-toggle-container\"><\/div><\/aside>\n            <!-- Share buttons by mashshare.net - Version: 4.0.47-->\n<p><em>Por Enedino Hern\u00e1ndez Alonso\/Zunoticia<\/em><\/p>\n\n\n\n<p><strong>Huejutla, Hgo. &#8211;<\/strong> La ma\u00f1ana de este martes 25 de marzo, en las instalaciones del Instituto de Capacitaci\u00f3n para el Trabajo del Estado de Hidalgo, ICATHI, Plantel Huejutla; se llev\u00f3 a cabo la Primera Feria de Vinculaci\u00f3n, Emprendimiento, Innovaci\u00f3n y Desarrollo Comunitario.<\/p>\n\n\n\n<p>La Feria de Vinculaci\u00f3n se realiz\u00f3 con motivo del 30 aniversario del ICATHI, evento en donde se cont\u00f3 con la presencia del director general del ICATHI, Jorge Israel Acosta Ben\u00edtez.<\/p>\n\n\n\n<p>Durante la Primera Feria de Vinculaci\u00f3n se cont\u00f3 con la presencia de los directivos de diversos planteles educativos, como es el CECyTEH, CBTA 5, Instituto Tecnol\u00f3gico de Huejutla, entre otros.<\/p>\n\n\n\n<p>Tras concluir, se procedi\u00f3 a la develaci\u00f3n de la placa conmemorativa por los 30 a\u00f1os de fundaci\u00f3n del ICATHI. Posteriormente, se realiz\u00f3 un recorrido por los stands, previamente instalados, en donde se expusieron diversos productos elaborados por los alumnos quienes acuden a los cursos de capacitaci\u00f3n.<\/p>\n\n\n\n<figure class=\"wp-block-gallery has-nested-images columns-default is-cropped wp-block-gallery-1 is-layout-flex wp-block-gallery-is-layout-flex\">\n<figure class=\"wp-block-image size-large\"><img fetchpriority=\"high\" decoding=\"async\" width=\"933\" height=\"524\" data-id=\"587298\" src=\"https:\/\/www.zunoticia.com\/noticias-de-hidalgo\/wp-content\/uploads\/2025\/03\/Zunoticia-Huejutla-2-78.png\" alt=\"\" class=\"wp-image-587298\"\/><\/figure>\n\n\n\n<figure class=\"wp-block-image size-large\"><img decoding=\"async\" width=\"933\" height=\"524\" data-id=\"587299\" src=\"https:\/\/www.zunoticia.com\/noticias-de-hidalgo\/wp-content\/uploads\/2025\/03\/Zunoticia-Huejutla-1-201.png\" alt=\"\" class=\"wp-image-587299\"\/><\/figure>\n<\/figure>\n","protected":false},"excerpt":{"rendered":"<p>Por Enedino Hern\u00e1ndez Alonso\/Zunoticia Huejutla, Hgo. &#8211; La ma\u00f1ana de este martes 25 de marzo, en las instalaciones del Instituto de Capacitaci\u00f3n para el Trabajo del Estado de Hidalgo, ICATHI, Plantel Huejutla; se llev\u00f3 a cabo la Primera Feria de Vinculaci\u00f3n, Emprendimiento, Innovaci\u00f3n y Desarrollo Comunitario. La Feria de Vinculaci\u00f3n se realiz\u00f3 con motivo del&hellip; <a class=\"more-link\" href=\"https:\/\/www.zunoticia.com\/noticias-de-hidalgo\/2025\/03\/25\/icathi-huejutla-realiza-feria-de-vinculacion-por-30-aniversario\/\">Seguir leyendo <span class=\"screen-reader-text\">ICATHI Huejutla realiza Feria de Vinculaci\u00f3n por 30 aniversario<\/span><\/a><\/p>\n","protected":false},"author":20,"featured_media":587297,"comment_status":"open","ping_status":"open","sticky":false,"template":"","format":"standard","meta":{"rop_custom_images_group":[],"rop_custom_messages_group":[],"rop_publish_now":"initial","rop_publish_now_accounts":{"facebook_10159540855086992_322828327761733":""},"rop_publish_now_history":[],"rop_publish_now_status":"pending","footnotes":""},"categories":[181],"tags":[121],"class_list":["post-587296","post","type-post","status-publish","format-standard","has-post-thumbnail","hentry","category-huejutla","tag-huejutla","entry"],"_links":{"self":[{"href":"https:\/\/www.zunoticia.com\/noticias-de-hidalgo\/wp-json\/wp\/v2\/posts\/587296","targetHints":{"allow":["GET"]}}],"collection":[{"href":"https:\/\/www.zunoticia.com\/noticias-de-hidalgo\/wp-json\/wp\/v2\/posts"}],"about":[{"href":"https:\/\/www.zunoticia.com\/noticias-de-hidalgo\/wp-json\/wp\/v2\/types\/post"}],"author":[{"embeddable":true,"href":"https:\/\/www.zunoticia.com\/noticias-de-hidalgo\/wp-json\/wp\/v2\/users\/20"}],"replies":[{"embeddable":true,"href":"https:\/\/www.zunoticia.com\/noticias-de-hidalgo\/wp-json\/wp\/v2\/comments?post=587296"}],"version-history":[{"count":1,"href":"https:\/\/www.zunoticia.com\/noticias-de-hidalgo\/wp-json\/wp\/v2\/posts\/587296\/revisions"}],"predecessor-version":[{"id":587300,"href":"https:\/\/www.zunoticia.com\/noticias-de-hidalgo\/wp-json\/wp\/v2\/posts\/587296\/revisions\/587300"}],"wp:featuredmedia":[{"embeddable":true,"href":"https:\/\/www.zunoticia.com\/noticias-de-hidalgo\/wp-json\/wp\/v2\/media\/587297"}],"wp:attachment":[{"href":"https:\/\/www.zunoticia.com\/noticias-de-hidalgo\/wp-json\/wp\/v2\/media?parent=587296"}],"wp:term":[{"taxonomy":"category","embeddable":true,"href":"https:\/\/www.zunoticia.com\/noticias-de-hidalgo\/wp-json\/wp\/v2\/categories?post=587296"},{"taxonomy":"post_tag","embeddable":true,"href":"https:\/\/www.zunoticia.com\/noticias-de-hidalgo\/wp-json\/wp\/v2\/tags?post=587296"}],"curies":[{"name":"wp","href":"https:\/\/api.w.org\/{rel}","templated":true}]}}