{"id":587316,"date":"2025-03-25T14:44:22","date_gmt":"2025-03-25T20:44:22","guid":{"rendered":"https:\/\/www.zunoticia.com\/noticias-de-hidalgo\/?p=587316"},"modified":"2025-03-25T14:44:24","modified_gmt":"2025-03-25T20:44:24","slug":"conmemoran-el-dia-naranja-en-el-cobaeh-tehuetlan","status":"publish","type":"post","link":"https:\/\/www.zunoticia.com\/noticias-de-hidalgo\/2025\/03\/25\/conmemoran-el-dia-naranja-en-el-cobaeh-tehuetlan\/","title":{"rendered":"Conmemoran el d\u00eda Naranja en el COBAEH Tehuetl\u00e1n"},"content":{"rendered":"<aside class=\"mashsb-container mashsb-main mashsb-stretched\"><div class=\"mashsb-box\"><div class=\"mashsb-count mash-large\" style=\"float:left\"><div class=\"counts mashsbcount\">0<\/div><span class=\"mashsb-sharetext\">SHARES<\/span><\/div><div class=\"mashsb-buttons\"><a class=\"mashicon-facebook mash-large mash-center mashsb-noshadow\" href=\"https:\/\/www.facebook.com\/sharer.php?u=https%3A%2F%2Fwww.zunoticia.com%2Fnoticias-de-hidalgo%2F2025%2F03%2F25%2Fconmemoran-el-dia-naranja-en-el-cobaeh-tehuetlan%2F\" target=\"_top\" rel=\"nofollow\"><span class=\"icon\"><\/span><span class=\"text\">Share<\/span><\/a><a class=\"mashicon-twitter mash-large mash-center mashsb-noshadow\" href=\"https:\/\/twitter.com\/intent\/tweet?text=&amp;url=https:\/\/www.zunoticia.com\/noticias-de-hidalgo\/2025\/03\/25\/conmemoran-el-dia-naranja-en-el-cobaeh-tehuetlan\/\" target=\"_top\" rel=\"nofollow\"><span class=\"icon\"><\/span><span class=\"text\">Tweet<\/span><\/a><div class=\"onoffswitch2 mash-large mashsb-noshadow\" style=\"display:none\"><\/div><\/div>\n            <\/div>\n                <div style=\"clear:both\"><\/div><div class=\"mashsb-toggle-container\"><\/div><\/aside>\n            <!-- Share buttons by mashshare.net - Version: 4.0.47-->\n<p><em>Por Gabriela Hern\u00e1ndez\/Zunoticia<\/em><\/p>\n\n\n\n<p><strong>Huejutla, Hgo<\/strong>. &#8211; El COBAEH plantel Tehuetl\u00e1n se une con compromiso a la lucha contra la violencia hacia mujeres y ni\u00f1as. Como parte de esta importante causa, se suma al D\u00eda Naranja, que se celebra el 25 de cada mes, durante todo el a\u00f1o.<\/p>\n\n\n\n<p>El COBAEH insta a sus alumnos a difundir el mensaje en sus entornos familiares y sociales, y juntos combatir este problema como es la violencia de g\u00e9nero. Este d\u00eda tiene como objetivo crear conciencia sobre la violencia de g\u00e9nero, promoviendo la igualdad, el respeto y la seguridad para todas las mujeres y ni\u00f1as.<\/p>\n\n\n\n<p>El plantel trabaja de manera diaria en la concientizaci\u00f3n de los alumnos, pues es fundamental que se genere conciencia para que los educandos puedan fomentar la no violencia en sus hogares y en sus comunidades, as\u00ed juntos trabajar por la erradicaci\u00f3n de la violencia.<\/p>\n","protected":false},"excerpt":{"rendered":"<p>Por Gabriela Hern\u00e1ndez\/Zunoticia Huejutla, Hgo. &#8211; El COBAEH plantel Tehuetl\u00e1n se une con compromiso a la lucha contra la violencia hacia mujeres y ni\u00f1as. Como parte de esta importante causa, se suma al D\u00eda Naranja, que se celebra el 25 de cada mes, durante todo el a\u00f1o. El COBAEH insta a sus alumnos a difundir&hellip; <a class=\"more-link\" href=\"https:\/\/www.zunoticia.com\/noticias-de-hidalgo\/2025\/03\/25\/conmemoran-el-dia-naranja-en-el-cobaeh-tehuetlan\/\">Seguir leyendo <span class=\"screen-reader-text\">Conmemoran el d\u00eda Naranja en el COBAEH Tehuetl\u00e1n<\/span><\/a><\/p>\n","protected":false},"author":20,"featured_media":587317,"comment_status":"open","ping_status":"open","sticky":false,"template":"","format":"standard","meta":{"rop_custom_images_group":[],"rop_custom_messages_group":[],"rop_publish_now":"initial","rop_publish_now_accounts":{"facebook_10159540855086992_322828327761733":""},"rop_publish_now_history":[],"rop_publish_now_status":"pending","footnotes":""},"categories":[181],"tags":[121],"class_list":["post-587316","post","type-post","status-publish","format-standard","has-post-thumbnail","hentry","category-huejutla","tag-huejutla","entry"],"_links":{"self":[{"href":"https:\/\/www.zunoticia.com\/noticias-de-hidalgo\/wp-json\/wp\/v2\/posts\/587316","targetHints":{"allow":["GET"]}}],"collection":[{"href":"https:\/\/www.zunoticia.com\/noticias-de-hidalgo\/wp-json\/wp\/v2\/posts"}],"about":[{"href":"https:\/\/www.zunoticia.com\/noticias-de-hidalgo\/wp-json\/wp\/v2\/types\/post"}],"author":[{"embeddable":true,"href":"https:\/\/www.zunoticia.com\/noticias-de-hidalgo\/wp-json\/wp\/v2\/users\/20"}],"replies":[{"embeddable":true,"href":"https:\/\/www.zunoticia.com\/noticias-de-hidalgo\/wp-json\/wp\/v2\/comments?post=587316"}],"version-history":[{"count":1,"href":"https:\/\/www.zunoticia.com\/noticias-de-hidalgo\/wp-json\/wp\/v2\/posts\/587316\/revisions"}],"predecessor-version":[{"id":587318,"href":"https:\/\/www.zunoticia.com\/noticias-de-hidalgo\/wp-json\/wp\/v2\/posts\/587316\/revisions\/587318"}],"wp:featuredmedia":[{"embeddable":true,"href":"https:\/\/www.zunoticia.com\/noticias-de-hidalgo\/wp-json\/wp\/v2\/media\/587317"}],"wp:attachment":[{"href":"https:\/\/www.zunoticia.com\/noticias-de-hidalgo\/wp-json\/wp\/v2\/media?parent=587316"}],"wp:term":[{"taxonomy":"category","embeddable":true,"href":"https:\/\/www.zunoticia.com\/noticias-de-hidalgo\/wp-json\/wp\/v2\/categories?post=587316"},{"taxonomy":"post_tag","embeddable":true,"href":"https:\/\/www.zunoticia.com\/noticias-de-hidalgo\/wp-json\/wp\/v2\/tags?post=587316"}],"curies":[{"name":"wp","href":"https:\/\/api.w.org\/{rel}","templated":true}]}}