{"id":587327,"date":"2025-03-25T15:10:46","date_gmt":"2025-03-25T21:10:46","guid":{"rendered":"https:\/\/www.zunoticia.com\/noticias-de-hidalgo\/?p=587327"},"modified":"2025-03-25T15:10:48","modified_gmt":"2025-03-25T21:10:48","slug":"ith-firmo-convenio-de-colaboracion-con-presidencias-de-atlapexco-y-xochiatipan","status":"publish","type":"post","link":"https:\/\/www.zunoticia.com\/noticias-de-hidalgo\/2025\/03\/25\/ith-firmo-convenio-de-colaboracion-con-presidencias-de-atlapexco-y-xochiatipan\/","title":{"rendered":"ITH firm\u00f3 convenio de colaboraci\u00f3n con presidencias de Atlapexco y Xochiatipan"},"content":{"rendered":"<aside class=\"mashsb-container mashsb-main mashsb-stretched\"><div class=\"mashsb-box\"><div class=\"mashsb-count mash-large\" style=\"float:left\"><div class=\"counts mashsbcount\">0<\/div><span class=\"mashsb-sharetext\">SHARES<\/span><\/div><div class=\"mashsb-buttons\"><a class=\"mashicon-facebook mash-large mash-center mashsb-noshadow\" href=\"https:\/\/www.facebook.com\/sharer.php?u=https%3A%2F%2Fwww.zunoticia.com%2Fnoticias-de-hidalgo%2F2025%2F03%2F25%2Fith-firmo-convenio-de-colaboracion-con-presidencias-de-atlapexco-y-xochiatipan%2F\" target=\"_top\" rel=\"nofollow\"><span class=\"icon\"><\/span><span class=\"text\">Share<\/span><\/a><a class=\"mashicon-twitter mash-large mash-center mashsb-noshadow\" href=\"https:\/\/twitter.com\/intent\/tweet?text=&amp;url=https:\/\/www.zunoticia.com\/noticias-de-hidalgo\/2025\/03\/25\/ith-firmo-convenio-de-colaboracion-con-presidencias-de-atlapexco-y-xochiatipan\/\" target=\"_top\" rel=\"nofollow\"><span class=\"icon\"><\/span><span class=\"text\">Tweet<\/span><\/a><div class=\"onoffswitch2 mash-large mashsb-noshadow\" style=\"display:none\"><\/div><\/div>\n            <\/div>\n                <div style=\"clear:both\"><\/div><div class=\"mashsb-toggle-container\"><\/div><\/aside>\n            <!-- Share buttons by mashshare.net - Version: 4.0.47-->\n<p><em>Por Gabriela Hern\u00e1ndez\/Zunoticia<\/em><\/p>\n\n\n\n<p><strong>Huejutla, Hgo<\/strong>. &#8211; A trav\u00e9s del departamento de Gesti\u00f3n Tecnol\u00f3gica y Vinculaci\u00f3n, dirigido por la Lic. Mayrely Nava Guzm\u00e1n, se llev\u00f3 a cabo la firma de convenio de colaboraci\u00f3n entre el Instituto Tecnol\u00f3gico de Huejutla y presidencias municipales.<\/p>\n\n\n\n<p>Este martes 25 de marzo, con gran entusiasmo se llev\u00f3 a cabo la firma del Convenio Marco de Colaboraci\u00f3n Acad\u00e9mica, Cient\u00edfica y Tecnol\u00f3gica entre el Instituto Tecnol\u00f3gico de Huejutla y la presidencia municipal de Atlapexco y Xochiatipan, Hidalgo.<\/p>\n\n\n\n<p>Se cont\u00f3 con la presencia del Lic. Evaristo Rogaciano L\u00f3pez Hern\u00e1ndez, director del Instituto, acompa\u00f1ado por la Ing. Egleyde G\u00f3mez Nochebuena, subdirectora de Planeaci\u00f3n y Vinculaci\u00f3n. Por otro lado, la presidenta municipal de Xochiatipan representada por la Lic. Erika Hern\u00e1ndez Ram\u00edrez y el Ing. Juan de Dios Nochebuena Hern\u00e1ndez, firmaron en nombre de sus municipios.<\/p>\n\n\n\n<p>Este es un paso importante hacia la mejora de las comunidades y el fortalecimiento del desarrollo educativo y tecnol\u00f3gico, pues la uni\u00f3n entre el sector educativo y el p\u00fablico proyectar\u00e1 mejores alternativas de desarrollo en los pueblos, permitiendo a las alumnas y alumnos de nivel superior, realizar su servicio social y pr\u00e1cticas profesionales en ambos municipios, pero sobre todo, asesor\u00eda t\u00e9cnica para impulsar el desarrollo del campo y las comunidades.<\/p>\n\n\n\n<figure class=\"wp-block-image size-full\"><img fetchpriority=\"high\" decoding=\"async\" width=\"933\" height=\"524\" src=\"https:\/\/www.zunoticia.com\/noticias-de-hidalgo\/wp-content\/uploads\/2025\/03\/Zunoticia-Huejutla-313.png\" alt=\"\" class=\"wp-image-587329\"\/><\/figure>\n","protected":false},"excerpt":{"rendered":"<p>Por Gabriela Hern\u00e1ndez\/Zunoticia Huejutla, Hgo. &#8211; A trav\u00e9s del departamento de Gesti\u00f3n Tecnol\u00f3gica y Vinculaci\u00f3n, dirigido por la Lic. Mayrely Nava Guzm\u00e1n, se llev\u00f3 a cabo la firma de convenio de colaboraci\u00f3n entre el Instituto Tecnol\u00f3gico de Huejutla y presidencias municipales. Este martes 25 de marzo, con gran entusiasmo se llev\u00f3 a cabo la firma&hellip; <a class=\"more-link\" href=\"https:\/\/www.zunoticia.com\/noticias-de-hidalgo\/2025\/03\/25\/ith-firmo-convenio-de-colaboracion-con-presidencias-de-atlapexco-y-xochiatipan\/\">Seguir leyendo <span class=\"screen-reader-text\">ITH firm\u00f3 convenio de colaboraci\u00f3n con presidencias de Atlapexco y Xochiatipan<\/span><\/a><\/p>\n","protected":false},"author":20,"featured_media":587328,"comment_status":"open","ping_status":"open","sticky":false,"template":"","format":"standard","meta":{"rop_custom_images_group":[],"rop_custom_messages_group":[],"rop_publish_now":"initial","rop_publish_now_accounts":{"facebook_10159540855086992_322828327761733":""},"rop_publish_now_history":[],"rop_publish_now_status":"pending","footnotes":""},"categories":[181],"tags":[121],"class_list":["post-587327","post","type-post","status-publish","format-standard","has-post-thumbnail","hentry","category-huejutla","tag-huejutla","entry"],"_links":{"self":[{"href":"https:\/\/www.zunoticia.com\/noticias-de-hidalgo\/wp-json\/wp\/v2\/posts\/587327","targetHints":{"allow":["GET"]}}],"collection":[{"href":"https:\/\/www.zunoticia.com\/noticias-de-hidalgo\/wp-json\/wp\/v2\/posts"}],"about":[{"href":"https:\/\/www.zunoticia.com\/noticias-de-hidalgo\/wp-json\/wp\/v2\/types\/post"}],"author":[{"embeddable":true,"href":"https:\/\/www.zunoticia.com\/noticias-de-hidalgo\/wp-json\/wp\/v2\/users\/20"}],"replies":[{"embeddable":true,"href":"https:\/\/www.zunoticia.com\/noticias-de-hidalgo\/wp-json\/wp\/v2\/comments?post=587327"}],"version-history":[{"count":1,"href":"https:\/\/www.zunoticia.com\/noticias-de-hidalgo\/wp-json\/wp\/v2\/posts\/587327\/revisions"}],"predecessor-version":[{"id":587330,"href":"https:\/\/www.zunoticia.com\/noticias-de-hidalgo\/wp-json\/wp\/v2\/posts\/587327\/revisions\/587330"}],"wp:featuredmedia":[{"embeddable":true,"href":"https:\/\/www.zunoticia.com\/noticias-de-hidalgo\/wp-json\/wp\/v2\/media\/587328"}],"wp:attachment":[{"href":"https:\/\/www.zunoticia.com\/noticias-de-hidalgo\/wp-json\/wp\/v2\/media?parent=587327"}],"wp:term":[{"taxonomy":"category","embeddable":true,"href":"https:\/\/www.zunoticia.com\/noticias-de-hidalgo\/wp-json\/wp\/v2\/categories?post=587327"},{"taxonomy":"post_tag","embeddable":true,"href":"https:\/\/www.zunoticia.com\/noticias-de-hidalgo\/wp-json\/wp\/v2\/tags?post=587327"}],"curies":[{"name":"wp","href":"https:\/\/api.w.org\/{rel}","templated":true}]}}