{"id":587334,"date":"2025-03-25T17:01:43","date_gmt":"2025-03-25T23:01:43","guid":{"rendered":"https:\/\/www.zunoticia.com\/noticias-de-hidalgo\/?p=587334"},"modified":"2025-03-25T17:01:44","modified_gmt":"2025-03-25T23:01:44","slug":"realizan-caminata-de-sensibilizacion-por-la-el-dia-mundial-de-la-tuberculosis","status":"publish","type":"post","link":"https:\/\/www.zunoticia.com\/noticias-de-hidalgo\/2025\/03\/25\/realizan-caminata-de-sensibilizacion-por-la-el-dia-mundial-de-la-tuberculosis\/","title":{"rendered":"Realizan caminata de sensibilizaci\u00f3n por la el D\u00eda mundial de la Tuberculosis"},"content":{"rendered":"<aside class=\"mashsb-container mashsb-main mashsb-stretched\"><div class=\"mashsb-box\"><div class=\"mashsb-count mash-large\" style=\"float:left\"><div class=\"counts mashsbcount\">0<\/div><span class=\"mashsb-sharetext\">SHARES<\/span><\/div><div class=\"mashsb-buttons\"><a class=\"mashicon-facebook mash-large mash-center mashsb-noshadow\" href=\"https:\/\/www.facebook.com\/sharer.php?u=https%3A%2F%2Fwww.zunoticia.com%2Fnoticias-de-hidalgo%2F2025%2F03%2F25%2Frealizan-caminata-de-sensibilizacion-por-la-el-dia-mundial-de-la-tuberculosis%2F\" target=\"_top\" rel=\"nofollow\"><span class=\"icon\"><\/span><span class=\"text\">Share<\/span><\/a><a class=\"mashicon-twitter mash-large mash-center mashsb-noshadow\" href=\"https:\/\/twitter.com\/intent\/tweet?text=&amp;url=https:\/\/www.zunoticia.com\/noticias-de-hidalgo\/2025\/03\/25\/realizan-caminata-de-sensibilizacion-por-la-el-dia-mundial-de-la-tuberculosis\/\" target=\"_top\" rel=\"nofollow\"><span class=\"icon\"><\/span><span class=\"text\">Tweet<\/span><\/a><div class=\"onoffswitch2 mash-large mashsb-noshadow\" style=\"display:none\"><\/div><\/div>\n            <\/div>\n                <div style=\"clear:both\"><\/div><div class=\"mashsb-toggle-container\"><\/div><\/aside>\n            <!-- Share buttons by mashshare.net - Version: 4.0.47-->\n<p><em>Por Gabriela Hern\u00e1ndez\/Zunoticia<\/em><\/p>\n\n\n\n<p><strong>Huejutla, Hgo<\/strong>. &#8211; En conmemoraci\u00f3n del D\u00eda Mundial de la Tuberculosis, la Unidad M\u00e9dica IMSS Urbano 2, de la colonia Parque de Poblamiento, llev\u00f3 a cabo actividades preventivas, incluyendo una pl\u00e1tica informativa y una caminata de sensibilizaci\u00f3n por las principales calles de la demarcaci\u00f3n.<\/p>\n\n\n\n<p>En esta actividad se tuvo la participaci\u00f3n de los alumnos del sexto semestre, grupo \u201cB\u201d, de la carrera T\u00e9cnico en Gericultura, del CECyTE Huejutla, quienes, bajo el acompa\u00f1amiento de su docente, la Mtra. Beatriz Salda\u00f1a Guti\u00e9rrez, se sumaron a esta importante iniciativa para concientizar sobre la prevenci\u00f3n y el tratamiento oportuno de la TB.<\/p>\n\n\n\n<p>La caminata y la conferencia tiene como fin dar a conocer la situaci\u00f3n de la tuberculosis bajo el lema &#8220;Prevenci\u00f3n, detecci\u00f3n y acci\u00f3n: pongamos fin a la tuberculosis&#8221;, se brindaron una serie de recomendaciones para prevenir: mantener los ambientes ventilados, evitar el hacinamiento; llevar una alimentaci\u00f3n balanceada para fortalecer el sistema inmune y protegerse ante posibles enfermedades, as\u00ed como practicar ejercicios f\u00edsicos 30 minutos diarios para favorecer a la salud.<\/p>\n\n\n\n<p>A trav\u00e9s de charlas y actividades informativas, se promueve la prevenci\u00f3n, el diagn\u00f3stico oportuno y el acceso al tratamiento adecuado. Por lo que es importante informar, sensibilizar y educar a la poblaci\u00f3n sobre esta enfermedad.<\/p>\n\n\n\n<figure class=\"wp-block-gallery has-nested-images columns-default is-cropped wp-block-gallery-1 is-layout-flex wp-block-gallery-is-layout-flex\">\n<figure class=\"wp-block-image size-large\"><img fetchpriority=\"high\" decoding=\"async\" width=\"933\" height=\"524\" data-id=\"587337\" src=\"https:\/\/www.zunoticia.com\/noticias-de-hidalgo\/wp-content\/uploads\/2025\/03\/Zunoticia-Huejutla-2-81.png\" alt=\"\" class=\"wp-image-587337\"\/><\/figure>\n\n\n\n<figure class=\"wp-block-image size-large\"><img decoding=\"async\" width=\"933\" height=\"524\" data-id=\"587336\" src=\"https:\/\/www.zunoticia.com\/noticias-de-hidalgo\/wp-content\/uploads\/2025\/03\/Zunoticia-Huejutla-1-207.png\" alt=\"\" class=\"wp-image-587336\"\/><\/figure>\n<\/figure>\n","protected":false},"excerpt":{"rendered":"<p>Por Gabriela Hern\u00e1ndez\/Zunoticia Huejutla, Hgo. &#8211; En conmemoraci\u00f3n del D\u00eda Mundial de la Tuberculosis, la Unidad M\u00e9dica IMSS Urbano 2, de la colonia Parque de Poblamiento, llev\u00f3 a cabo actividades preventivas, incluyendo una pl\u00e1tica informativa y una caminata de sensibilizaci\u00f3n por las principales calles de la demarcaci\u00f3n. En esta actividad se tuvo la participaci\u00f3n de&hellip; <a class=\"more-link\" href=\"https:\/\/www.zunoticia.com\/noticias-de-hidalgo\/2025\/03\/25\/realizan-caminata-de-sensibilizacion-por-la-el-dia-mundial-de-la-tuberculosis\/\">Seguir leyendo <span class=\"screen-reader-text\">Realizan caminata de sensibilizaci\u00f3n por la el D\u00eda mundial de la Tuberculosis<\/span><\/a><\/p>\n","protected":false},"author":20,"featured_media":587335,"comment_status":"open","ping_status":"open","sticky":false,"template":"","format":"standard","meta":{"rop_custom_images_group":[],"rop_custom_messages_group":[],"rop_publish_now":"initial","rop_publish_now_accounts":{"facebook_10159540855086992_322828327761733":""},"rop_publish_now_history":[],"rop_publish_now_status":"pending","footnotes":""},"categories":[181],"tags":[121],"class_list":["post-587334","post","type-post","status-publish","format-standard","has-post-thumbnail","hentry","category-huejutla","tag-huejutla","entry"],"_links":{"self":[{"href":"https:\/\/www.zunoticia.com\/noticias-de-hidalgo\/wp-json\/wp\/v2\/posts\/587334","targetHints":{"allow":["GET"]}}],"collection":[{"href":"https:\/\/www.zunoticia.com\/noticias-de-hidalgo\/wp-json\/wp\/v2\/posts"}],"about":[{"href":"https:\/\/www.zunoticia.com\/noticias-de-hidalgo\/wp-json\/wp\/v2\/types\/post"}],"author":[{"embeddable":true,"href":"https:\/\/www.zunoticia.com\/noticias-de-hidalgo\/wp-json\/wp\/v2\/users\/20"}],"replies":[{"embeddable":true,"href":"https:\/\/www.zunoticia.com\/noticias-de-hidalgo\/wp-json\/wp\/v2\/comments?post=587334"}],"version-history":[{"count":1,"href":"https:\/\/www.zunoticia.com\/noticias-de-hidalgo\/wp-json\/wp\/v2\/posts\/587334\/revisions"}],"predecessor-version":[{"id":587338,"href":"https:\/\/www.zunoticia.com\/noticias-de-hidalgo\/wp-json\/wp\/v2\/posts\/587334\/revisions\/587338"}],"wp:featuredmedia":[{"embeddable":true,"href":"https:\/\/www.zunoticia.com\/noticias-de-hidalgo\/wp-json\/wp\/v2\/media\/587335"}],"wp:attachment":[{"href":"https:\/\/www.zunoticia.com\/noticias-de-hidalgo\/wp-json\/wp\/v2\/media?parent=587334"}],"wp:term":[{"taxonomy":"category","embeddable":true,"href":"https:\/\/www.zunoticia.com\/noticias-de-hidalgo\/wp-json\/wp\/v2\/categories?post=587334"},{"taxonomy":"post_tag","embeddable":true,"href":"https:\/\/www.zunoticia.com\/noticias-de-hidalgo\/wp-json\/wp\/v2\/tags?post=587334"}],"curies":[{"name":"wp","href":"https:\/\/api.w.org\/{rel}","templated":true}]}}