{"id":587339,"date":"2025-03-25T17:09:13","date_gmt":"2025-03-25T23:09:13","guid":{"rendered":"https:\/\/www.zunoticia.com\/noticias-de-hidalgo\/?p=587339"},"modified":"2025-03-25T17:09:20","modified_gmt":"2025-03-25T23:09:20","slug":"senalan-la-falta-de-servicio-de-recoleccion-de-basura-en-la-cabecera","status":"publish","type":"post","link":"https:\/\/www.zunoticia.com\/noticias-de-hidalgo\/2025\/03\/25\/senalan-la-falta-de-servicio-de-recoleccion-de-basura-en-la-cabecera\/","title":{"rendered":"Se\u00f1alan la falta de servicio de recolecci\u00f3n de basura en la cabecera"},"content":{"rendered":"<aside class=\"mashsb-container mashsb-main mashsb-stretched\"><div class=\"mashsb-box\"><div class=\"mashsb-count mash-large\" style=\"float:left\"><div class=\"counts mashsbcount\">0<\/div><span class=\"mashsb-sharetext\">SHARES<\/span><\/div><div class=\"mashsb-buttons\"><a class=\"mashicon-facebook mash-large mash-center mashsb-noshadow\" href=\"https:\/\/www.facebook.com\/sharer.php?u=https%3A%2F%2Fwww.zunoticia.com%2Fnoticias-de-hidalgo%2F2025%2F03%2F25%2Fsenalan-la-falta-de-servicio-de-recoleccion-de-basura-en-la-cabecera%2F\" target=\"_top\" rel=\"nofollow\"><span class=\"icon\"><\/span><span class=\"text\">Share<\/span><\/a><a class=\"mashicon-twitter mash-large mash-center mashsb-noshadow\" href=\"https:\/\/twitter.com\/intent\/tweet?text=&amp;url=https:\/\/www.zunoticia.com\/noticias-de-hidalgo\/2025\/03\/25\/senalan-la-falta-de-servicio-de-recoleccion-de-basura-en-la-cabecera\/\" target=\"_top\" rel=\"nofollow\"><span class=\"icon\"><\/span><span class=\"text\">Tweet<\/span><\/a><div class=\"onoffswitch2 mash-large mashsb-noshadow\" style=\"display:none\"><\/div><\/div>\n            <\/div>\n                <div style=\"clear:both\"><\/div><div class=\"mashsb-toggle-container\"><\/div><\/aside>\n            <!-- Share buttons by mashshare.net - Version: 4.0.47-->\n<p><em>Por Salvador Altamirano\/Zunoticia<\/em><\/p>\n\n\n\n<p><strong>Yahualica, Hgo<\/strong>.- Vecinos de la cabecera manifestaron que, no obstante, que el pueblo est\u00e1 situado en una alta meseta, cuya atm\u00f3sfera es limpia, el ambiente se contamina con la quema de basura en los hogares.<\/p>\n\n\n\n<p>Subrayaron que, en la poblaci\u00f3n, no obstante, que es cabecera, hacen falta servicios b\u00e1sicos, entre ellos un sitio para depositar la basura y obviamente una unidad recolectora de la misma, la cual hay en todos los municipios de la regi\u00f3n huasteca a excepci\u00f3n de Yahualica.<\/p>\n\n\n\n<p>Agregaron que, por tal motivo, los vecinos queman sus desperdicios en los patios de las casas y solares, contaminando sobre manera el medio ambiente, lo cual repercute en la salud de quienes aqu\u00ed -dijeron-, vivimos.<\/p>\n\n\n\n<p>Asimismo, comentaron que, cuando alguien genera basura en abundancia, opta por ir a tirarla en los accesos del pueblo y laderas del r\u00edo, de igual manera, generando contaminaci\u00f3n en los yacimientos acu\u00edferos, lo cual repercute en da\u00f1os a la salud p\u00fablica.<\/p>\n\n\n\n<p>Para finalizar, expresaron no comprender por qu\u00e9 Yahualica, que en la \u00e9poca de la Colonia era el pueblo m\u00e1s adelantado, ya que aqu\u00ed estaba la Alcald\u00eda Mayor, de donde se gobernaba toda la regi\u00f3n, hoy sea el que m\u00e1s rezagos tiene en materia de servicios b\u00e1sicos.<\/p>\n","protected":false},"excerpt":{"rendered":"<p>Por Salvador Altamirano\/Zunoticia Yahualica, Hgo.- Vecinos de la cabecera manifestaron que, no obstante, que el pueblo est\u00e1 situado en una alta meseta, cuya atm\u00f3sfera es limpia, el ambiente se contamina con la quema de basura en los hogares. Subrayaron que, en la poblaci\u00f3n, no obstante, que es cabecera, hacen falta servicios b\u00e1sicos, entre ellos un&hellip; <a class=\"more-link\" href=\"https:\/\/www.zunoticia.com\/noticias-de-hidalgo\/2025\/03\/25\/senalan-la-falta-de-servicio-de-recoleccion-de-basura-en-la-cabecera\/\">Seguir leyendo <span class=\"screen-reader-text\">Se\u00f1alan la falta de servicio de recolecci\u00f3n de basura en la cabecera<\/span><\/a><\/p>\n","protected":false},"author":20,"featured_media":587340,"comment_status":"open","ping_status":"open","sticky":false,"template":"","format":"standard","meta":{"rop_custom_images_group":[],"rop_custom_messages_group":[],"rop_publish_now":"initial","rop_publish_now_accounts":{"facebook_10159540855086992_322828327761733":""},"rop_publish_now_history":[],"rop_publish_now_status":"pending","footnotes":""},"categories":[179,203],"tags":[229,123],"class_list":["post-587339","post","type-post","status-publish","format-standard","has-post-thumbnail","hentry","category-huasteca","category-yahualica","tag-huasteca","tag-yahualica","entry"],"_links":{"self":[{"href":"https:\/\/www.zunoticia.com\/noticias-de-hidalgo\/wp-json\/wp\/v2\/posts\/587339","targetHints":{"allow":["GET"]}}],"collection":[{"href":"https:\/\/www.zunoticia.com\/noticias-de-hidalgo\/wp-json\/wp\/v2\/posts"}],"about":[{"href":"https:\/\/www.zunoticia.com\/noticias-de-hidalgo\/wp-json\/wp\/v2\/types\/post"}],"author":[{"embeddable":true,"href":"https:\/\/www.zunoticia.com\/noticias-de-hidalgo\/wp-json\/wp\/v2\/users\/20"}],"replies":[{"embeddable":true,"href":"https:\/\/www.zunoticia.com\/noticias-de-hidalgo\/wp-json\/wp\/v2\/comments?post=587339"}],"version-history":[{"count":1,"href":"https:\/\/www.zunoticia.com\/noticias-de-hidalgo\/wp-json\/wp\/v2\/posts\/587339\/revisions"}],"predecessor-version":[{"id":587341,"href":"https:\/\/www.zunoticia.com\/noticias-de-hidalgo\/wp-json\/wp\/v2\/posts\/587339\/revisions\/587341"}],"wp:featuredmedia":[{"embeddable":true,"href":"https:\/\/www.zunoticia.com\/noticias-de-hidalgo\/wp-json\/wp\/v2\/media\/587340"}],"wp:attachment":[{"href":"https:\/\/www.zunoticia.com\/noticias-de-hidalgo\/wp-json\/wp\/v2\/media?parent=587339"}],"wp:term":[{"taxonomy":"category","embeddable":true,"href":"https:\/\/www.zunoticia.com\/noticias-de-hidalgo\/wp-json\/wp\/v2\/categories?post=587339"},{"taxonomy":"post_tag","embeddable":true,"href":"https:\/\/www.zunoticia.com\/noticias-de-hidalgo\/wp-json\/wp\/v2\/tags?post=587339"}],"curies":[{"name":"wp","href":"https:\/\/api.w.org\/{rel}","templated":true}]}}