{"id":587345,"date":"2025-03-25T17:26:05","date_gmt":"2025-03-25T23:26:05","guid":{"rendered":"https:\/\/www.zunoticia.com\/noticias-de-hidalgo\/?p=587345"},"modified":"2025-03-25T17:29:30","modified_gmt":"2025-03-25T23:29:30","slug":"se-registrara-calor-intenso-a-partir-del-domingo-30-de-marzo","status":"publish","type":"post","link":"https:\/\/www.zunoticia.com\/noticias-de-hidalgo\/2025\/03\/25\/se-registrara-calor-intenso-a-partir-del-domingo-30-de-marzo\/","title":{"rendered":"Se registrar\u00e1 calor intenso a partir del domingo 30 de marzo"},"content":{"rendered":"<aside class=\"mashsb-container mashsb-main mashsb-stretched\"><div class=\"mashsb-box\"><div class=\"mashsb-count mash-large\" style=\"float:left\"><div class=\"counts mashsbcount\">0<\/div><span class=\"mashsb-sharetext\">SHARES<\/span><\/div><div class=\"mashsb-buttons\"><a class=\"mashicon-facebook mash-large mash-center mashsb-noshadow\" href=\"https:\/\/www.facebook.com\/sharer.php?u=https%3A%2F%2Fwww.zunoticia.com%2Fnoticias-de-hidalgo%2F2025%2F03%2F25%2Fse-registrara-calor-intenso-a-partir-del-domingo-30-de-marzo%2F\" target=\"_top\" rel=\"nofollow\"><span class=\"icon\"><\/span><span class=\"text\">Share<\/span><\/a><a class=\"mashicon-twitter mash-large mash-center mashsb-noshadow\" href=\"https:\/\/twitter.com\/intent\/tweet?text=&amp;url=https:\/\/www.zunoticia.com\/noticias-de-hidalgo\/2025\/03\/25\/se-registrara-calor-intenso-a-partir-del-domingo-30-de-marzo\/\" target=\"_top\" rel=\"nofollow\"><span class=\"icon\"><\/span><span class=\"text\">Tweet<\/span><\/a><div class=\"onoffswitch2 mash-large mashsb-noshadow\" style=\"display:none\"><\/div><\/div>\n            <\/div>\n                <div style=\"clear:both\"><\/div><div class=\"mashsb-toggle-container\"><\/div><\/aside>\n            <!-- Share buttons by mashshare.net - Version: 4.0.47-->\n<p><em>Por Gabriela Hern\u00e1ndez\/ Zunoticia<\/em><\/p>\n\n\n\n<p><strong>Huejutla, Hgo<\/strong>. &#8211; El calor en el municipio no s\u00f3lo marca un cambio en el clima, sino tambi\u00e9n en las actividades diarias y en las preocupaciones por la salud, sin embargo, es una de las temporadas m\u00e1s populares para los ciudadanos.<\/p>\n\n\n\n<p>La temporada de calor generalmente inicia a finales de marzo y se extiende hasta mayo, justo antes de la llegada de las lluvias. Este periodo se caracteriza por temperaturas altas que, en algunas regiones, como lo es la ciudad de Huejutla, superan los 40\u00b0 C.<\/p>\n\n\n\n<p>De acuerdo con la informaci\u00f3n del Servicio Meteorol\u00f3gico Nacional, para finales del mes, se esperan las primeras temperaturas altas, m\u00e1ximas de 36\u00b0 C., con sensaci\u00f3n t\u00e9rmica de 43\u00b0C., por lo que se registra alerta meteorol\u00f3gica grave (Demasiado calor).<\/p>\n\n\n\n<p>Ante la llegada de las ondas de calor, la CONAGUA emiti\u00f3 una serie de recomendaciones para protegerse de los efectos adversos de las altas temperaturas. Entre las medidas sugeridas se encuentran evitar la exposici\u00f3n directa al sol, especialmente entre las 11:00 y las 16:00 horas; usar ropa ligera de colores claros y manga larga, mantenerse hidratado con agua simple, aplicar protector solar con un factor de protecci\u00f3n m\u00ednimo de 15 y evitar el consumo de bebidas alcoh\u00f3licas.<\/p>\n\n\n\n<p>Se prev\u00e9 que se registren hasta cinco olas de calor, las cuales se desarrollar\u00e1n en los meses de marzo a mayo, siendo el mes de abril el m\u00e1s azotado por las altas temperaturas.<\/p>\n\n\n\n<figure class=\"wp-block-image size-full\"><img fetchpriority=\"high\" decoding=\"async\" width=\"1080\" height=\"1020\" src=\"https:\/\/www.zunoticia.com\/noticias-de-hidalgo\/wp-content\/uploads\/2025\/03\/Local9a.jpeg\" alt=\"\" class=\"wp-image-587348\"\/><\/figure>\n","protected":false},"excerpt":{"rendered":"<p>Por Gabriela Hern\u00e1ndez\/ Zunoticia Huejutla, Hgo. &#8211; El calor en el municipio no s\u00f3lo marca un cambio en el clima, sino tambi\u00e9n en las actividades diarias y en las preocupaciones por la salud, sin embargo, es una de las temporadas m\u00e1s populares para los ciudadanos. La temporada de calor generalmente inicia a finales de marzo&hellip; <a class=\"more-link\" href=\"https:\/\/www.zunoticia.com\/noticias-de-hidalgo\/2025\/03\/25\/se-registrara-calor-intenso-a-partir-del-domingo-30-de-marzo\/\">Seguir leyendo <span class=\"screen-reader-text\">Se registrar\u00e1 calor intenso a partir del domingo 30 de marzo<\/span><\/a><\/p>\n","protected":false},"author":20,"featured_media":587346,"comment_status":"open","ping_status":"open","sticky":false,"template":"","format":"standard","meta":{"rop_custom_images_group":[],"rop_custom_messages_group":[],"rop_publish_now":"initial","rop_publish_now_accounts":{"facebook_10159540855086992_322828327761733":""},"rop_publish_now_history":[],"rop_publish_now_status":"pending","footnotes":""},"categories":[181],"tags":[121],"class_list":["post-587345","post","type-post","status-publish","format-standard","has-post-thumbnail","hentry","category-huejutla","tag-huejutla","entry"],"_links":{"self":[{"href":"https:\/\/www.zunoticia.com\/noticias-de-hidalgo\/wp-json\/wp\/v2\/posts\/587345","targetHints":{"allow":["GET"]}}],"collection":[{"href":"https:\/\/www.zunoticia.com\/noticias-de-hidalgo\/wp-json\/wp\/v2\/posts"}],"about":[{"href":"https:\/\/www.zunoticia.com\/noticias-de-hidalgo\/wp-json\/wp\/v2\/types\/post"}],"author":[{"embeddable":true,"href":"https:\/\/www.zunoticia.com\/noticias-de-hidalgo\/wp-json\/wp\/v2\/users\/20"}],"replies":[{"embeddable":true,"href":"https:\/\/www.zunoticia.com\/noticias-de-hidalgo\/wp-json\/wp\/v2\/comments?post=587345"}],"version-history":[{"count":2,"href":"https:\/\/www.zunoticia.com\/noticias-de-hidalgo\/wp-json\/wp\/v2\/posts\/587345\/revisions"}],"predecessor-version":[{"id":587349,"href":"https:\/\/www.zunoticia.com\/noticias-de-hidalgo\/wp-json\/wp\/v2\/posts\/587345\/revisions\/587349"}],"wp:featuredmedia":[{"embeddable":true,"href":"https:\/\/www.zunoticia.com\/noticias-de-hidalgo\/wp-json\/wp\/v2\/media\/587346"}],"wp:attachment":[{"href":"https:\/\/www.zunoticia.com\/noticias-de-hidalgo\/wp-json\/wp\/v2\/media?parent=587345"}],"wp:term":[{"taxonomy":"category","embeddable":true,"href":"https:\/\/www.zunoticia.com\/noticias-de-hidalgo\/wp-json\/wp\/v2\/categories?post=587345"},{"taxonomy":"post_tag","embeddable":true,"href":"https:\/\/www.zunoticia.com\/noticias-de-hidalgo\/wp-json\/wp\/v2\/tags?post=587345"}],"curies":[{"name":"wp","href":"https:\/\/api.w.org\/{rel}","templated":true}]}}