{"id":587350,"date":"2025-03-25T17:48:43","date_gmt":"2025-03-25T23:48:43","guid":{"rendered":"https:\/\/www.zunoticia.com\/noticias-de-hidalgo\/?p=587350"},"modified":"2025-03-25T17:48:44","modified_gmt":"2025-03-25T23:48:44","slug":"participa-ucla-en-la-conferencia-inspiracion-para-crecer-y-cuidar-el-entorno","status":"publish","type":"post","link":"https:\/\/www.zunoticia.com\/noticias-de-hidalgo\/2025\/03\/25\/participa-ucla-en-la-conferencia-inspiracion-para-crecer-y-cuidar-el-entorno\/","title":{"rendered":"Participa UCLA en la conferencia &#8216;Inspiraci\u00f3n para crecer y cuidar el entorno&#8217;"},"content":{"rendered":"<aside class=\"mashsb-container mashsb-main mashsb-stretched\"><div class=\"mashsb-box\"><div class=\"mashsb-count mash-large\" style=\"float:left\"><div class=\"counts mashsbcount\">0<\/div><span class=\"mashsb-sharetext\">SHARES<\/span><\/div><div class=\"mashsb-buttons\"><a class=\"mashicon-facebook mash-large mash-center mashsb-noshadow\" href=\"https:\/\/www.facebook.com\/sharer.php?u=https%3A%2F%2Fwww.zunoticia.com%2Fnoticias-de-hidalgo%2F2025%2F03%2F25%2Fparticipa-ucla-en-la-conferencia-inspiracion-para-crecer-y-cuidar-el-entorno%2F\" target=\"_top\" rel=\"nofollow\"><span class=\"icon\"><\/span><span class=\"text\">Share<\/span><\/a><a class=\"mashicon-twitter mash-large mash-center mashsb-noshadow\" href=\"https:\/\/twitter.com\/intent\/tweet?text=&amp;url=https:\/\/www.zunoticia.com\/noticias-de-hidalgo\/2025\/03\/25\/participa-ucla-en-la-conferencia-inspiracion-para-crecer-y-cuidar-el-entorno\/\" target=\"_top\" rel=\"nofollow\"><span class=\"icon\"><\/span><span class=\"text\">Tweet<\/span><\/a><div class=\"onoffswitch2 mash-large mashsb-noshadow\" style=\"display:none\"><\/div><\/div>\n            <\/div>\n                <div style=\"clear:both\"><\/div><div class=\"mashsb-toggle-container\"><\/div><\/aside>\n            <!-- Share buttons by mashshare.net - Version: 4.0.47-->\n<p><em>Por Enedino Hern\u00e1ndez Alonso\/Zunoticia<\/em><\/p>\n\n\n\n<p><strong>Huejutla, Hgo<\/strong>. &#8211; Socios de la Uni\u00f3n de Comerciantes Locatarios y Ambulantes (UCLA) del Mercado Municipal de Huejutla de Reyes, participaron en la conferencia &#8211; taller &#8216;Inspiraci\u00f3n para crecer y cuidar el entorno&#8217;, impartida por el formador Arturo Orantes.<\/p>\n\n\n\n<p>La conferencia se realiz\u00f3 durante la tarde de este martes, en el sal\u00f3n de usos m\u00faltiples de la UCLA, en el mercado de Huejutla, en donde se concentraron los socios \u2013 comerciantes y se imparte como parte de las acciones encaminadas a fortalecer los conocimientos que ya tienen.<\/p>\n\n\n\n<p>Con toda oportunidad personal del \u00e1rea de Reglamentos de la presidencia municipal de Huejutla, a trav\u00e9s de la directiva de la UCLA, hicieron el llamado a los comerciantes a participar en esta conferencia &#8211; taller.<\/p>\n\n\n\n<figure class=\"wp-block-image size-full\"><img fetchpriority=\"high\" decoding=\"async\" width=\"933\" height=\"524\" src=\"https:\/\/www.zunoticia.com\/noticias-de-hidalgo\/wp-content\/uploads\/2025\/03\/Zunoticia-Huejutla-1-208.png\" alt=\"\" class=\"wp-image-587352\"\/><\/figure>\n","protected":false},"excerpt":{"rendered":"<p>Por Enedino Hern\u00e1ndez Alonso\/Zunoticia Huejutla, Hgo. &#8211; Socios de la Uni\u00f3n de Comerciantes Locatarios y Ambulantes (UCLA) del Mercado Municipal de Huejutla de Reyes, participaron en la conferencia &#8211; taller &#8216;Inspiraci\u00f3n para crecer y cuidar el entorno&#8217;, impartida por el formador Arturo Orantes. La conferencia se realiz\u00f3 durante la tarde de este martes, en el&hellip; <a class=\"more-link\" href=\"https:\/\/www.zunoticia.com\/noticias-de-hidalgo\/2025\/03\/25\/participa-ucla-en-la-conferencia-inspiracion-para-crecer-y-cuidar-el-entorno\/\">Seguir leyendo <span class=\"screen-reader-text\">Participa UCLA en la conferencia &#8216;Inspiraci\u00f3n para crecer y cuidar el entorno&#8217;<\/span><\/a><\/p>\n","protected":false},"author":20,"featured_media":587351,"comment_status":"open","ping_status":"open","sticky":false,"template":"","format":"standard","meta":{"rop_custom_images_group":[],"rop_custom_messages_group":[],"rop_publish_now":"initial","rop_publish_now_accounts":{"facebook_10159540855086992_322828327761733":""},"rop_publish_now_history":[],"rop_publish_now_status":"pending","footnotes":""},"categories":[181],"tags":[121],"class_list":["post-587350","post","type-post","status-publish","format-standard","has-post-thumbnail","hentry","category-huejutla","tag-huejutla","entry"],"_links":{"self":[{"href":"https:\/\/www.zunoticia.com\/noticias-de-hidalgo\/wp-json\/wp\/v2\/posts\/587350","targetHints":{"allow":["GET"]}}],"collection":[{"href":"https:\/\/www.zunoticia.com\/noticias-de-hidalgo\/wp-json\/wp\/v2\/posts"}],"about":[{"href":"https:\/\/www.zunoticia.com\/noticias-de-hidalgo\/wp-json\/wp\/v2\/types\/post"}],"author":[{"embeddable":true,"href":"https:\/\/www.zunoticia.com\/noticias-de-hidalgo\/wp-json\/wp\/v2\/users\/20"}],"replies":[{"embeddable":true,"href":"https:\/\/www.zunoticia.com\/noticias-de-hidalgo\/wp-json\/wp\/v2\/comments?post=587350"}],"version-history":[{"count":1,"href":"https:\/\/www.zunoticia.com\/noticias-de-hidalgo\/wp-json\/wp\/v2\/posts\/587350\/revisions"}],"predecessor-version":[{"id":587353,"href":"https:\/\/www.zunoticia.com\/noticias-de-hidalgo\/wp-json\/wp\/v2\/posts\/587350\/revisions\/587353"}],"wp:featuredmedia":[{"embeddable":true,"href":"https:\/\/www.zunoticia.com\/noticias-de-hidalgo\/wp-json\/wp\/v2\/media\/587351"}],"wp:attachment":[{"href":"https:\/\/www.zunoticia.com\/noticias-de-hidalgo\/wp-json\/wp\/v2\/media?parent=587350"}],"wp:term":[{"taxonomy":"category","embeddable":true,"href":"https:\/\/www.zunoticia.com\/noticias-de-hidalgo\/wp-json\/wp\/v2\/categories?post=587350"},{"taxonomy":"post_tag","embeddable":true,"href":"https:\/\/www.zunoticia.com\/noticias-de-hidalgo\/wp-json\/wp\/v2\/tags?post=587350"}],"curies":[{"name":"wp","href":"https:\/\/api.w.org\/{rel}","templated":true}]}}