{"id":587362,"date":"2025-03-25T18:19:13","date_gmt":"2025-03-26T00:19:13","guid":{"rendered":"https:\/\/www.zunoticia.com\/noticias-de-hidalgo\/?p=587362"},"modified":"2025-03-25T18:19:15","modified_gmt":"2025-03-26T00:19:15","slug":"convocan-a-reunion-para-la-defensa-de-la-ecologia-y-medio-ambiente","status":"publish","type":"post","link":"https:\/\/www.zunoticia.com\/noticias-de-hidalgo\/2025\/03\/25\/convocan-a-reunion-para-la-defensa-de-la-ecologia-y-medio-ambiente\/","title":{"rendered":"Convocan a reuni\u00f3n para la defensa de la Ecolog\u00eda y medio ambiente"},"content":{"rendered":"<aside class=\"mashsb-container mashsb-main mashsb-stretched\"><div class=\"mashsb-box\"><div class=\"mashsb-count mash-large\" style=\"float:left\"><div class=\"counts mashsbcount\">0<\/div><span class=\"mashsb-sharetext\">SHARES<\/span><\/div><div class=\"mashsb-buttons\"><a class=\"mashicon-facebook mash-large mash-center mashsb-noshadow\" href=\"https:\/\/www.facebook.com\/sharer.php?u=https%3A%2F%2Fwww.zunoticia.com%2Fnoticias-de-hidalgo%2F2025%2F03%2F25%2Fconvocan-a-reunion-para-la-defensa-de-la-ecologia-y-medio-ambiente%2F\" target=\"_top\" rel=\"nofollow\"><span class=\"icon\"><\/span><span class=\"text\">Share<\/span><\/a><a class=\"mashicon-twitter mash-large mash-center mashsb-noshadow\" href=\"https:\/\/twitter.com\/intent\/tweet?text=&amp;url=https:\/\/www.zunoticia.com\/noticias-de-hidalgo\/2025\/03\/25\/convocan-a-reunion-para-la-defensa-de-la-ecologia-y-medio-ambiente\/\" target=\"_top\" rel=\"nofollow\"><span class=\"icon\"><\/span><span class=\"text\">Tweet<\/span><\/a><div class=\"onoffswitch2 mash-large mashsb-noshadow\" style=\"display:none\"><\/div><\/div>\n            <\/div>\n                <div style=\"clear:both\"><\/div><div class=\"mashsb-toggle-container\"><\/div><\/aside>\n            <!-- Share buttons by mashshare.net - Version: 4.0.47-->\n<p><em>Por Salvador Altamirano\/Zunoticia<\/em><\/p>\n\n\n\n<p><strong>Atlapexco, Hgo.-<\/strong> La Coordinaci\u00f3n Regional de Defensa y Restauraci\u00f3n de la Ecolog\u00eda y Medio Ambiente, convoca a una reuni\u00f3n que tendr\u00e1 efecto el pr\u00f3ximo jueves a las 16: 00 horas, en la cabecera municipal, concretamente en la palapa de la familia de don Omegar Salazar.<\/p>\n\n\n\n<p>La convocatoria, es emitida por los representantes provisionales del municipio de Huejutla, Gustavo Hern\u00e1ndez Mart\u00ednez y Juan Bautista; as\u00ed como de Tlanchinol, Nora Aidh\u00e9 Luciano Mart\u00ednez y Lizeth Delia Guillermo Tolentino.<\/p>\n\n\n\n<p>Especifica la misma, que va dirigida a integrantes de organizaciones ambientalistas; regidores de la comisi\u00f3n de Medio ambiente y directores de Ecolog\u00eda de los municipios de Atlapexco; Calnali; Huautla; Jaltoc\u00e1n; Tlanchinol; San Felipe Orizatl\u00e1n; Xochiatipan y Yahualica.<\/p>\n\n\n\n<p>Detall\u00f3 que, los puntos a tratar durante la reuni\u00f3n, consisten en la explicaci\u00f3n de motivos a cargo de la coordinaci\u00f3n; presentaci\u00f3n del diagn\u00f3stico sobre la problem\u00e1tica ambiental en cada municipio de los asistentes y puntos generales.<\/p>\n\n\n\n<p>Para finalizar, manifiesta la convocatoria que el 03 de abril del presente a\u00f1o, se llevar\u00e1 a cabo en Xochiatipan otra reuni\u00f3n tendiente al an\u00e1lisis y previa preparaci\u00f3n para la reestructuraci\u00f3n de la coordinaci\u00f3n.<\/p>\n","protected":false},"excerpt":{"rendered":"<p>Por Salvador Altamirano\/Zunoticia Atlapexco, Hgo.- La Coordinaci\u00f3n Regional de Defensa y Restauraci\u00f3n de la Ecolog\u00eda y Medio Ambiente, convoca a una reuni\u00f3n que tendr\u00e1 efecto el pr\u00f3ximo jueves a las 16: 00 horas, en la cabecera municipal, concretamente en la palapa de la familia de don Omegar Salazar. La convocatoria, es emitida por los representantes&hellip; <a class=\"more-link\" href=\"https:\/\/www.zunoticia.com\/noticias-de-hidalgo\/2025\/03\/25\/convocan-a-reunion-para-la-defensa-de-la-ecologia-y-medio-ambiente\/\">Seguir leyendo <span class=\"screen-reader-text\">Convocan a reuni\u00f3n para la defensa de la Ecolog\u00eda y medio ambiente<\/span><\/a><\/p>\n","protected":false},"author":20,"featured_media":587364,"comment_status":"open","ping_status":"open","sticky":false,"template":"","format":"standard","meta":{"rop_custom_images_group":[],"rop_custom_messages_group":[],"rop_publish_now":"initial","rop_publish_now_accounts":{"facebook_10159540855086992_322828327761733":""},"rop_publish_now_history":[],"rop_publish_now_status":"pending","footnotes":""},"categories":[182,179],"tags":[133,229],"class_list":["post-587362","post","type-post","status-publish","format-standard","has-post-thumbnail","hentry","category-atlapexco","category-huasteca","tag-atlapexco","tag-huasteca","entry"],"_links":{"self":[{"href":"https:\/\/www.zunoticia.com\/noticias-de-hidalgo\/wp-json\/wp\/v2\/posts\/587362","targetHints":{"allow":["GET"]}}],"collection":[{"href":"https:\/\/www.zunoticia.com\/noticias-de-hidalgo\/wp-json\/wp\/v2\/posts"}],"about":[{"href":"https:\/\/www.zunoticia.com\/noticias-de-hidalgo\/wp-json\/wp\/v2\/types\/post"}],"author":[{"embeddable":true,"href":"https:\/\/www.zunoticia.com\/noticias-de-hidalgo\/wp-json\/wp\/v2\/users\/20"}],"replies":[{"embeddable":true,"href":"https:\/\/www.zunoticia.com\/noticias-de-hidalgo\/wp-json\/wp\/v2\/comments?post=587362"}],"version-history":[{"count":1,"href":"https:\/\/www.zunoticia.com\/noticias-de-hidalgo\/wp-json\/wp\/v2\/posts\/587362\/revisions"}],"predecessor-version":[{"id":587365,"href":"https:\/\/www.zunoticia.com\/noticias-de-hidalgo\/wp-json\/wp\/v2\/posts\/587362\/revisions\/587365"}],"wp:featuredmedia":[{"embeddable":true,"href":"https:\/\/www.zunoticia.com\/noticias-de-hidalgo\/wp-json\/wp\/v2\/media\/587364"}],"wp:attachment":[{"href":"https:\/\/www.zunoticia.com\/noticias-de-hidalgo\/wp-json\/wp\/v2\/media?parent=587362"}],"wp:term":[{"taxonomy":"category","embeddable":true,"href":"https:\/\/www.zunoticia.com\/noticias-de-hidalgo\/wp-json\/wp\/v2\/categories?post=587362"},{"taxonomy":"post_tag","embeddable":true,"href":"https:\/\/www.zunoticia.com\/noticias-de-hidalgo\/wp-json\/wp\/v2\/tags?post=587362"}],"curies":[{"name":"wp","href":"https:\/\/api.w.org\/{rel}","templated":true}]}}