{"id":587370,"date":"2025-03-25T18:51:50","date_gmt":"2025-03-26T00:51:50","guid":{"rendered":"https:\/\/www.zunoticia.com\/noticias-de-hidalgo\/?p=587370"},"modified":"2025-03-25T18:51:52","modified_gmt":"2025-03-26T00:51:52","slug":"trabajadores-agricolas-hidalguenses-reciben-taller-sobre-sus-derechos-laborales-al-colocarse-en-una-empresa-canadiense","status":"publish","type":"post","link":"https:\/\/www.zunoticia.com\/noticias-de-hidalgo\/2025\/03\/25\/trabajadores-agricolas-hidalguenses-reciben-taller-sobre-sus-derechos-laborales-al-colocarse-en-una-empresa-canadiense\/","title":{"rendered":"Trabajadores agr\u00edcolas hidalguenses reciben taller sobre sus derechos laborales al colocarse en una empresa canadiense"},"content":{"rendered":"<aside class=\"mashsb-container mashsb-main mashsb-stretched\"><div class=\"mashsb-box\"><div class=\"mashsb-count mash-large\" style=\"float:left\"><div class=\"counts mashsbcount\">0<\/div><span class=\"mashsb-sharetext\">SHARES<\/span><\/div><div class=\"mashsb-buttons\"><a class=\"mashicon-facebook mash-large mash-center mashsb-noshadow\" href=\"https:\/\/www.facebook.com\/sharer.php?u=https%3A%2F%2Fwww.zunoticia.com%2Fnoticias-de-hidalgo%2F2025%2F03%2F25%2Ftrabajadores-agricolas-hidalguenses-reciben-taller-sobre-sus-derechos-laborales-al-colocarse-en-una-empresa-canadiense%2F\" target=\"_top\" rel=\"nofollow\"><span class=\"icon\"><\/span><span class=\"text\">Share<\/span><\/a><a class=\"mashicon-twitter mash-large mash-center mashsb-noshadow\" href=\"https:\/\/twitter.com\/intent\/tweet?text=&amp;url=https:\/\/www.zunoticia.com\/noticias-de-hidalgo\/2025\/03\/25\/trabajadores-agricolas-hidalguenses-reciben-taller-sobre-sus-derechos-laborales-al-colocarse-en-una-empresa-canadiense\/\" target=\"_top\" rel=\"nofollow\"><span class=\"icon\"><\/span><span class=\"text\">Tweet<\/span><\/a><div class=\"onoffswitch2 mash-large mashsb-noshadow\" style=\"display:none\"><\/div><\/div>\n            <\/div>\n                <div style=\"clear:both\"><\/div><div class=\"mashsb-toggle-container\"><\/div><\/aside>\n            <!-- Share buttons by mashshare.net - Version: 4.0.47-->\n<ul class=\"wp-block-list\">\n<li>De esa forma el organismo acompa\u00f1a, capacita y asiste a jornaleros desde antes de que salgan de sus comunidades de origen, hasta su traslado a las regiones donde se desempe\u00f1an sus actividades<\/li>\n<\/ul>\n\n\n\n<p><em>Por Redacci\u00f3n\/Zunoticia<\/em><\/p>\n\n\n\n<p><strong>Mineral de la Reforma, Hgo<\/strong>. &#8211; Con la finalidad de fortalecer los conocimientos respecto a los derechos laborales, la Secretar\u00eda del Trabajo y Previsi\u00f3n Social de Hidalgo (STPSH), llev\u00f3 a cabo el &#8220;Taller de Derechos Laborales para los Trabajadores Agr\u00edcolas Temporales de Hidalgo en Canad\u00e1&#8221;, dirigido a 63 jornaleros que forman parte del Programa de Trabajadores Agr\u00edcolas Temporales M\u00e9xico-Canad\u00e1 (PTAT).<\/p>\n\n\n\n<p>El secretario del trabajo en la entidad, Oscar Javier Gonz\u00e1lez Hern\u00e1ndez inform\u00f3 que el taller se realiz\u00f3 en colaboraci\u00f3n con el personal del Sindicato Internacional de Trabajadores de la Alimentaci\u00f3n y el Comercio (UFCW por sus siglas en ingl\u00e9s).<\/p>\n\n\n\n<p>La comitiva del sindicato canadiense fue integrada por Pablo Godoy, Dirigente Sindical y Director de Sectores Emergentes de UFCW Canad\u00e1; Santiago Escobar, Representante Nacional de la UFCW; Octavio Nava, Representante de UFCW Canad\u00e1 en M\u00e9xico y V\u00edctor Parra, Jefe de la Oficina de la Direcci\u00f3n del Consejo Nacional de Normalizaci\u00f3n y Certificaci\u00f3n de Competencias Laborales (Conocer).&nbsp;<\/p>\n\n\n\n<p>El titular de la STPSH, refiri\u00f3 que una prioridad para el gobernador Julio Menchaca es cuidar el bienestar de la fuerza laboral de la entidad y ello involucra tambi\u00e9n vigilar el pleno respeto de los derechos laborales, a\u00fan m\u00e1s all\u00e1 de las fronteras del pa\u00eds, por medio de los recursos, apoyos legales disponibles y de la colaboraci\u00f3n con organizaciones internacionales como es el caso de la UFCW.<\/p>\n\n\n\n<p>Abund\u00f3 en que el taller brind\u00f3 informaci\u00f3n fue referente a la solicitud de servicio m\u00e9dico, tramitaci\u00f3n para el pago de pensi\u00f3n, en caso de detectar abusos, c\u00f3mo y d\u00f3nde se reportan las quejas, adem\u00e1s de pagar sus impuestos durante su estancia en aquel pa\u00eds con lo cual se fortalece la informaci\u00f3n que proporciona la Secretar\u00eda del Trabajo de la entidad, sobre los derechos de las y los trabajadores agr\u00edcolas hidalguenses al colocarse en una empresa canadiense.<\/p>\n\n\n\n<p>La Colaboraci\u00f3n entre la STPSH y la UFCW, tambi\u00e9n implica el atender de manera oportuna y eficaz situaciones de emergencia, para orientar a las y trabajadores en caso de requerir alg\u00fan tr\u00e1mite o para formar parte de alg\u00fan servicio, sumado a los derechos obtenidos al integrarse al (PTAT), que promueve una migraci\u00f3n, legal ordenada y segura.&nbsp;<\/p>\n\n\n\n<p>Pablo Godoy, Dirigente Sindical y Director de Sectores Emergentes de UFCW Canad\u00e1 mencion\u00f3 que, en cumplimiento del acuerdo firmado con la STPSH en diciembre de 2023, se realiza el taller con lo que se busca acompa\u00f1ar, apoyar, capacitar y asistir a los trabajadores antes de que salgan de sus comunidades de origen, as\u00ed como en su traslado a las regiones donde se desempe\u00f1ar\u00e1n sus actividades.<\/p>\n\n\n\n<p>En tanto V\u00edctor Parra, responsable de la oficina del Conocer, sectorizado a la Secretar\u00eda de Educaci\u00f3n P\u00fablica del Gobierno de M\u00e9xico mencion\u00f3 que en Hidalgo se realizar\u00e1 el pilotaje para la certificaci\u00f3n de las competencias de las y los trabajadores agr\u00edcolas con el objetivo de que incremente el valor de la mano de obra hidalguense en el extranjero y al mismo tiempo con este certificado se incorporen al mercado laboral formal a su regreso al pa\u00eds.<\/p>\n\n\n\n<figure class=\"wp-block-image size-full\"><img fetchpriority=\"high\" decoding=\"async\" width=\"933\" height=\"524\" src=\"https:\/\/www.zunoticia.com\/noticias-de-hidalgo\/wp-content\/uploads\/2025\/03\/Zunoticia-Huejutla-322.png\" alt=\"\" class=\"wp-image-587372\"\/><\/figure>\n","protected":false},"excerpt":{"rendered":"<p>Por Redacci\u00f3n\/Zunoticia Mineral de la Reforma, Hgo. &#8211; Con la finalidad de fortalecer los conocimientos respecto a los derechos laborales, la Secretar\u00eda del Trabajo y Previsi\u00f3n Social de Hidalgo (STPSH), llev\u00f3 a cabo el &#8220;Taller de Derechos Laborales para los Trabajadores Agr\u00edcolas Temporales de Hidalgo en Canad\u00e1&#8221;, dirigido a 63 jornaleros que forman parte del&hellip; <a class=\"more-link\" href=\"https:\/\/www.zunoticia.com\/noticias-de-hidalgo\/2025\/03\/25\/trabajadores-agricolas-hidalguenses-reciben-taller-sobre-sus-derechos-laborales-al-colocarse-en-una-empresa-canadiense\/\">Seguir leyendo <span class=\"screen-reader-text\">Trabajadores agr\u00edcolas hidalguenses reciben taller sobre sus derechos laborales al colocarse en una empresa canadiense<\/span><\/a><\/p>\n","protected":false},"author":20,"featured_media":587371,"comment_status":"open","ping_status":"open","sticky":false,"template":"","format":"standard","meta":{"rop_custom_images_group":[],"rop_custom_messages_group":[],"rop_publish_now":"initial","rop_publish_now_accounts":{"facebook_10159540855086992_322828327761733":""},"rop_publish_now_history":[],"rop_publish_now_status":"pending","footnotes":""},"categories":[208],"tags":[214],"class_list":["post-587370","post","type-post","status-publish","format-standard","has-post-thumbnail","hentry","category-estado","tag-estado","entry"],"_links":{"self":[{"href":"https:\/\/www.zunoticia.com\/noticias-de-hidalgo\/wp-json\/wp\/v2\/posts\/587370","targetHints":{"allow":["GET"]}}],"collection":[{"href":"https:\/\/www.zunoticia.com\/noticias-de-hidalgo\/wp-json\/wp\/v2\/posts"}],"about":[{"href":"https:\/\/www.zunoticia.com\/noticias-de-hidalgo\/wp-json\/wp\/v2\/types\/post"}],"author":[{"embeddable":true,"href":"https:\/\/www.zunoticia.com\/noticias-de-hidalgo\/wp-json\/wp\/v2\/users\/20"}],"replies":[{"embeddable":true,"href":"https:\/\/www.zunoticia.com\/noticias-de-hidalgo\/wp-json\/wp\/v2\/comments?post=587370"}],"version-history":[{"count":1,"href":"https:\/\/www.zunoticia.com\/noticias-de-hidalgo\/wp-json\/wp\/v2\/posts\/587370\/revisions"}],"predecessor-version":[{"id":587373,"href":"https:\/\/www.zunoticia.com\/noticias-de-hidalgo\/wp-json\/wp\/v2\/posts\/587370\/revisions\/587373"}],"wp:featuredmedia":[{"embeddable":true,"href":"https:\/\/www.zunoticia.com\/noticias-de-hidalgo\/wp-json\/wp\/v2\/media\/587371"}],"wp:attachment":[{"href":"https:\/\/www.zunoticia.com\/noticias-de-hidalgo\/wp-json\/wp\/v2\/media?parent=587370"}],"wp:term":[{"taxonomy":"category","embeddable":true,"href":"https:\/\/www.zunoticia.com\/noticias-de-hidalgo\/wp-json\/wp\/v2\/categories?post=587370"},{"taxonomy":"post_tag","embeddable":true,"href":"https:\/\/www.zunoticia.com\/noticias-de-hidalgo\/wp-json\/wp\/v2\/tags?post=587370"}],"curies":[{"name":"wp","href":"https:\/\/api.w.org\/{rel}","templated":true}]}}