{"id":587513,"date":"2025-03-27T09:45:22","date_gmt":"2025-03-27T15:45:22","guid":{"rendered":"https:\/\/www.zunoticia.com\/noticias-de-hidalgo\/?p=587513"},"modified":"2025-03-27T09:45:24","modified_gmt":"2025-03-27T15:45:24","slug":"reconoceran-a-los-exponentes-representativos-en-las-artes-plasticas","status":"publish","type":"post","link":"https:\/\/www.zunoticia.com\/noticias-de-hidalgo\/2025\/03\/27\/reconoceran-a-los-exponentes-representativos-en-las-artes-plasticas\/","title":{"rendered":"Reconocer\u00e1n a los exponentes representativos en las artes pl\u00e1sticas"},"content":{"rendered":"<aside class=\"mashsb-container mashsb-main mashsb-stretched\"><div class=\"mashsb-box\"><div class=\"mashsb-count mash-large\" style=\"float:left\"><div class=\"counts mashsbcount\">0<\/div><span class=\"mashsb-sharetext\">SHARES<\/span><\/div><div class=\"mashsb-buttons\"><a class=\"mashicon-facebook mash-large mash-center mashsb-noshadow\" href=\"https:\/\/www.facebook.com\/sharer.php?u=https%3A%2F%2Fwww.zunoticia.com%2Fnoticias-de-hidalgo%2F2025%2F03%2F27%2Freconoceran-a-los-exponentes-representativos-en-las-artes-plasticas%2F\" target=\"_top\" rel=\"nofollow\"><span class=\"icon\"><\/span><span class=\"text\">Share<\/span><\/a><a class=\"mashicon-twitter mash-large mash-center mashsb-noshadow\" href=\"https:\/\/twitter.com\/intent\/tweet?text=&amp;url=https:\/\/www.zunoticia.com\/noticias-de-hidalgo\/2025\/03\/27\/reconoceran-a-los-exponentes-representativos-en-las-artes-plasticas\/\" target=\"_top\" rel=\"nofollow\"><span class=\"icon\"><\/span><span class=\"text\">Tweet<\/span><\/a><div class=\"onoffswitch2 mash-large mashsb-noshadow\" style=\"display:none\"><\/div><\/div>\n            <\/div>\n                <div style=\"clear:both\"><\/div><div class=\"mashsb-toggle-container\"><\/div><\/aside>\n            <!-- Share buttons by mashshare.net - Version: 4.0.47-->\n<p><em>Por Enedino Hern\u00e1ndez Alonso\/Zunoticia<\/em><\/p>\n\n\n\n<p><strong>Huejutla, Hidalgo. &#8211;<\/strong> La Asociaci\u00f3n de J\u00f3venes Esperanza de la Fraternidad dirigida por el estudiante de la Escuela Superior Huejutla, Fernando Lara Palacios y auspiciada por la Benem\u00e9rita y Respetable Logia Simb\u00f3lica Libre Huasteca 6 entregar\u00e1n reconocimientos a los exponentes representativos de la Huasteca en las artes pl\u00e1sticas<\/p>\n\n\n\n<p>En su momento, el vicepresidente de la Respetable Logia Simb\u00f3lica Libre Huasteca, Armando Lara Nava; destaca que la actividad se desarrollar\u00e1 durante el s\u00e1bado 29 de marzo.<\/p>\n\n\n\n<p>Asimismo, detalla que el objetivo de este reconocimiento es dar honor a quien honor merece: a todos aquellos pintores y escultores que han cambiado el rumbo de nuestra regi\u00f3n a trav\u00e9s de la visi\u00f3n art\u00edstica, fraterna y altruista que producen para la sociedad con sus obras est\u00e9ticas.<\/p>\n\n\n\n<p>Resalta que est\u00e1s obras de los representantes de las artes pl\u00e1sticas ponen en manifiesto que la juventud actual no est\u00e1 sumida en la indiferencia y que saben apreciar la belleza, la expresi\u00f3n visual, la cultura y sobre todo que han aprendido tambi\u00e9n agradecer a quienes a trav\u00e9s del arte intentan de lograr un mundo mejor.<\/p>\n","protected":false},"excerpt":{"rendered":"<p>Por Enedino Hern\u00e1ndez Alonso\/Zunoticia Huejutla, Hidalgo. &#8211; La Asociaci\u00f3n de J\u00f3venes Esperanza de la Fraternidad dirigida por el estudiante de la Escuela Superior Huejutla, Fernando Lara Palacios y auspiciada por la Benem\u00e9rita y Respetable Logia Simb\u00f3lica Libre Huasteca 6 entregar\u00e1n reconocimientos a los exponentes representativos de la Huasteca en las artes pl\u00e1sticas En su momento,&hellip; <a class=\"more-link\" href=\"https:\/\/www.zunoticia.com\/noticias-de-hidalgo\/2025\/03\/27\/reconoceran-a-los-exponentes-representativos-en-las-artes-plasticas\/\">Seguir leyendo <span class=\"screen-reader-text\">Reconocer\u00e1n a los exponentes representativos en las artes pl\u00e1sticas<\/span><\/a><\/p>\n","protected":false},"author":23,"featured_media":587514,"comment_status":"open","ping_status":"open","sticky":false,"template":"","format":"standard","meta":{"rop_custom_images_group":[],"rop_custom_messages_group":[],"rop_publish_now":"initial","rop_publish_now_accounts":{"facebook_10159540855086992_322828327761733":""},"rop_publish_now_history":[],"rop_publish_now_status":"pending","footnotes":""},"categories":[181],"tags":[121],"class_list":["post-587513","post","type-post","status-publish","format-standard","has-post-thumbnail","hentry","category-huejutla","tag-huejutla","entry"],"_links":{"self":[{"href":"https:\/\/www.zunoticia.com\/noticias-de-hidalgo\/wp-json\/wp\/v2\/posts\/587513","targetHints":{"allow":["GET"]}}],"collection":[{"href":"https:\/\/www.zunoticia.com\/noticias-de-hidalgo\/wp-json\/wp\/v2\/posts"}],"about":[{"href":"https:\/\/www.zunoticia.com\/noticias-de-hidalgo\/wp-json\/wp\/v2\/types\/post"}],"author":[{"embeddable":true,"href":"https:\/\/www.zunoticia.com\/noticias-de-hidalgo\/wp-json\/wp\/v2\/users\/23"}],"replies":[{"embeddable":true,"href":"https:\/\/www.zunoticia.com\/noticias-de-hidalgo\/wp-json\/wp\/v2\/comments?post=587513"}],"version-history":[{"count":1,"href":"https:\/\/www.zunoticia.com\/noticias-de-hidalgo\/wp-json\/wp\/v2\/posts\/587513\/revisions"}],"predecessor-version":[{"id":587515,"href":"https:\/\/www.zunoticia.com\/noticias-de-hidalgo\/wp-json\/wp\/v2\/posts\/587513\/revisions\/587515"}],"wp:featuredmedia":[{"embeddable":true,"href":"https:\/\/www.zunoticia.com\/noticias-de-hidalgo\/wp-json\/wp\/v2\/media\/587514"}],"wp:attachment":[{"href":"https:\/\/www.zunoticia.com\/noticias-de-hidalgo\/wp-json\/wp\/v2\/media?parent=587513"}],"wp:term":[{"taxonomy":"category","embeddable":true,"href":"https:\/\/www.zunoticia.com\/noticias-de-hidalgo\/wp-json\/wp\/v2\/categories?post=587513"},{"taxonomy":"post_tag","embeddable":true,"href":"https:\/\/www.zunoticia.com\/noticias-de-hidalgo\/wp-json\/wp\/v2\/tags?post=587513"}],"curies":[{"name":"wp","href":"https:\/\/api.w.org\/{rel}","templated":true}]}}