{"id":587530,"date":"2025-03-27T16:56:46","date_gmt":"2025-03-27T22:56:46","guid":{"rendered":"https:\/\/www.zunoticia.com\/noticias-de-hidalgo\/?p=587530"},"modified":"2025-03-27T16:56:47","modified_gmt":"2025-03-27T22:56:47","slug":"en-el-museo-comunitario-se-necesitan-personas-con-conocimiento-de-historia-local","status":"publish","type":"post","link":"https:\/\/www.zunoticia.com\/noticias-de-hidalgo\/2025\/03\/27\/en-el-museo-comunitario-se-necesitan-personas-con-conocimiento-de-historia-local\/","title":{"rendered":"En el Museo Comunitario se necesitan personas con conocimiento de historia local"},"content":{"rendered":"<aside class=\"mashsb-container mashsb-main mashsb-stretched\"><div class=\"mashsb-box\"><div class=\"mashsb-count mash-large\" style=\"float:left\"><div class=\"counts mashsbcount\">0<\/div><span class=\"mashsb-sharetext\">SHARES<\/span><\/div><div class=\"mashsb-buttons\"><a class=\"mashicon-facebook mash-large mash-center mashsb-noshadow\" href=\"https:\/\/www.facebook.com\/sharer.php?u=https%3A%2F%2Fwww.zunoticia.com%2Fnoticias-de-hidalgo%2F2025%2F03%2F27%2Fen-el-museo-comunitario-se-necesitan-personas-con-conocimiento-de-historia-local%2F\" target=\"_top\" rel=\"nofollow\"><span class=\"icon\"><\/span><span class=\"text\">Share<\/span><\/a><a class=\"mashicon-twitter mash-large mash-center mashsb-noshadow\" href=\"https:\/\/twitter.com\/intent\/tweet?text=&amp;url=https:\/\/www.zunoticia.com\/noticias-de-hidalgo\/2025\/03\/27\/en-el-museo-comunitario-se-necesitan-personas-con-conocimiento-de-historia-local\/\" target=\"_top\" rel=\"nofollow\"><span class=\"icon\"><\/span><span class=\"text\">Tweet<\/span><\/a><div class=\"onoffswitch2 mash-large mashsb-noshadow\" style=\"display:none\"><\/div><\/div>\n            <\/div>\n                <div style=\"clear:both\"><\/div><div class=\"mashsb-toggle-container\"><\/div><\/aside>\n            <!-- Share buttons by mashshare.net - Version: 4.0.47-->\n<p><em>Por Salvador Altamirano\/Zunoticia<\/em><\/p>\n\n\n\n<p><strong>Yahualica, Hgo<\/strong>.- Habitantes de la cabecera municipal, interesados en que se le d\u00e9 la proyecci\u00f3n adecuada al &#8220;Museo Comunitario Iljuikajtlachiyalistli&#8221;, \u00fanico en su g\u00e9nero en la regi\u00f3n, comentaron que, para tal efecto se requiere que se destine al lugar una persona con conocimiento de la historia local, en este caso, de la prehisp\u00e1nica.<\/p>\n\n\n\n<p>Refirieron tener conocimiento que, en una sesi\u00f3n ordinaria de Cabildo, ya que c\u00edrculo un video, uno de los regidores expres\u00f3 que, ha habido comentarios de visitantes, que las personas a cargo no saben dar una informaci\u00f3n plena sobre el contenido del recinto, ya que desconocen.<\/p>\n\n\n\n<p>Agregaron que, ante esta disyuntiva la mandataria municipal, Francisca Lara Vel\u00e1zquez, respondi\u00f3 que, &#8220;contratar a un antrop\u00f3logo para que se haga cargo del museo ser\u00eda muy caro&#8221;, por lo que prefer\u00eda que siguieran los actuales responsables.<\/p>\n\n\n\n<p>Por tal motivo, opinaron p\u00fablicamente que, contratar a un antrop\u00f3logo no ser\u00eda la soluci\u00f3n, ya que efectivamente requerir\u00eda un salario muy alto, pero s\u00ed a un vecino, quien tenga amplio conocimiento de la historia de Yahualica, ya que los teteyotes que se exhiben fueron desenterrados en el pueblo.<\/p>\n\n\n\n<p>Para finalizar, propusieron para el cargo de responsable del Museo Comunitario a don Jacinto Borja, quien es nativo de la cabecera y conoce a la perfecci\u00f3n la historia, ya que ha sido testigo de muchos acontecimientos.<\/p>\n","protected":false},"excerpt":{"rendered":"<p>Por Salvador Altamirano\/Zunoticia Yahualica, Hgo.- Habitantes de la cabecera municipal, interesados en que se le d\u00e9 la proyecci\u00f3n adecuada al &#8220;Museo Comunitario Iljuikajtlachiyalistli&#8221;, \u00fanico en su g\u00e9nero en la regi\u00f3n, comentaron que, para tal efecto se requiere que se destine al lugar una persona con conocimiento de la historia local, en este caso, de la&hellip; <a class=\"more-link\" href=\"https:\/\/www.zunoticia.com\/noticias-de-hidalgo\/2025\/03\/27\/en-el-museo-comunitario-se-necesitan-personas-con-conocimiento-de-historia-local\/\">Seguir leyendo <span class=\"screen-reader-text\">En el Museo Comunitario se necesitan personas con conocimiento de historia local<\/span><\/a><\/p>\n","protected":false},"author":20,"featured_media":587531,"comment_status":"open","ping_status":"open","sticky":false,"template":"","format":"standard","meta":{"rop_custom_images_group":[],"rop_custom_messages_group":[],"rop_publish_now":"initial","rop_publish_now_accounts":{"facebook_10159540855086992_322828327761733":""},"rop_publish_now_history":[],"rop_publish_now_status":"pending","footnotes":""},"categories":[179,203],"tags":[229,123],"class_list":["post-587530","post","type-post","status-publish","format-standard","has-post-thumbnail","hentry","category-huasteca","category-yahualica","tag-huasteca","tag-yahualica","entry"],"_links":{"self":[{"href":"https:\/\/www.zunoticia.com\/noticias-de-hidalgo\/wp-json\/wp\/v2\/posts\/587530","targetHints":{"allow":["GET"]}}],"collection":[{"href":"https:\/\/www.zunoticia.com\/noticias-de-hidalgo\/wp-json\/wp\/v2\/posts"}],"about":[{"href":"https:\/\/www.zunoticia.com\/noticias-de-hidalgo\/wp-json\/wp\/v2\/types\/post"}],"author":[{"embeddable":true,"href":"https:\/\/www.zunoticia.com\/noticias-de-hidalgo\/wp-json\/wp\/v2\/users\/20"}],"replies":[{"embeddable":true,"href":"https:\/\/www.zunoticia.com\/noticias-de-hidalgo\/wp-json\/wp\/v2\/comments?post=587530"}],"version-history":[{"count":1,"href":"https:\/\/www.zunoticia.com\/noticias-de-hidalgo\/wp-json\/wp\/v2\/posts\/587530\/revisions"}],"predecessor-version":[{"id":587532,"href":"https:\/\/www.zunoticia.com\/noticias-de-hidalgo\/wp-json\/wp\/v2\/posts\/587530\/revisions\/587532"}],"wp:featuredmedia":[{"embeddable":true,"href":"https:\/\/www.zunoticia.com\/noticias-de-hidalgo\/wp-json\/wp\/v2\/media\/587531"}],"wp:attachment":[{"href":"https:\/\/www.zunoticia.com\/noticias-de-hidalgo\/wp-json\/wp\/v2\/media?parent=587530"}],"wp:term":[{"taxonomy":"category","embeddable":true,"href":"https:\/\/www.zunoticia.com\/noticias-de-hidalgo\/wp-json\/wp\/v2\/categories?post=587530"},{"taxonomy":"post_tag","embeddable":true,"href":"https:\/\/www.zunoticia.com\/noticias-de-hidalgo\/wp-json\/wp\/v2\/tags?post=587530"}],"curies":[{"name":"wp","href":"https:\/\/api.w.org\/{rel}","templated":true}]}}