{"id":587533,"date":"2025-03-27T17:12:09","date_gmt":"2025-03-27T23:12:09","guid":{"rendered":"https:\/\/www.zunoticia.com\/noticias-de-hidalgo\/?p=587533"},"modified":"2025-03-27T17:12:10","modified_gmt":"2025-03-27T23:12:10","slug":"eligen-a-alumno-de-primaria-del-sector-22-a-la-etapa-estatal-de-cuentacuentos","status":"publish","type":"post","link":"https:\/\/www.zunoticia.com\/noticias-de-hidalgo\/2025\/03\/27\/eligen-a-alumno-de-primaria-del-sector-22-a-la-etapa-estatal-de-cuentacuentos\/","title":{"rendered":"Eligen a alumno de primaria del Sector 22, a la Etapa Estatal de Cuentacuentos"},"content":{"rendered":"<aside class=\"mashsb-container mashsb-main mashsb-stretched\"><div class=\"mashsb-box\"><div class=\"mashsb-count mash-large\" style=\"float:left\"><div class=\"counts mashsbcount\">0<\/div><span class=\"mashsb-sharetext\">SHARES<\/span><\/div><div class=\"mashsb-buttons\"><a class=\"mashicon-facebook mash-large mash-center mashsb-noshadow\" href=\"https:\/\/www.facebook.com\/sharer.php?u=https%3A%2F%2Fwww.zunoticia.com%2Fnoticias-de-hidalgo%2F2025%2F03%2F27%2Feligen-a-alumno-de-primaria-del-sector-22-a-la-etapa-estatal-de-cuentacuentos%2F\" target=\"_top\" rel=\"nofollow\"><span class=\"icon\"><\/span><span class=\"text\">Share<\/span><\/a><a class=\"mashicon-twitter mash-large mash-center mashsb-noshadow\" href=\"https:\/\/twitter.com\/intent\/tweet?text=&amp;url=https:\/\/www.zunoticia.com\/noticias-de-hidalgo\/2025\/03\/27\/eligen-a-alumno-de-primaria-del-sector-22-a-la-etapa-estatal-de-cuentacuentos\/\" target=\"_top\" rel=\"nofollow\"><span class=\"icon\"><\/span><span class=\"text\">Tweet<\/span><\/a><div class=\"onoffswitch2 mash-large mashsb-noshadow\" style=\"display:none\"><\/div><\/div>\n            <\/div>\n                <div style=\"clear:both\"><\/div><div class=\"mashsb-toggle-container\"><\/div><\/aside>\n            <!-- Share buttons by mashshare.net - Version: 4.0.47-->\n<p><em>Por Enedino Hern\u00e1ndez Alonso\/Zunoticia<\/em><\/p>\n\n\n\n<p><strong>Huejutla, Hgo<\/strong>. &#8211; Este jueves, despu\u00e9s de participar en la etapa de zona, fue electo el alumno Arturo Isau Valdivia Bautista de la Escuela Primaria \u201cNi\u00f1os H\u00e9roes\u201d de la zona escolar 159, de Tlanchinol, como representante del Sector 22 de primarias generales, para acudir a la etapa estatal de Cuentacuentos.<\/p>\n\n\n\n<p>En esta etapa se cont\u00f3 con la participaci\u00f3n de representantes de tres escuelas primarias generales; el Cuentacuentos es una actividad que despierta la creatividad e imaginaci\u00f3n de los ni\u00f1os y ni\u00f1as.<\/p>\n\n\n\n<p>Este jueves el Sector 22 de primarias generales con sus respectivas zonas escolares 53, 83, 123, 159 y 160 participaron en esta actividad organizada por maestros integrados en dicho sector educativo.<\/p>\n\n\n\n<p>La sede fue la Escuela Primaria General Ni\u00f1os H\u00e9roes de Tlanchinol, destac\u00e1ndose que estas actividades reflejan las virtudes que los cuentos transmiten; los cuentos despiertan la imaginaci\u00f3n y transportan al mundo de los sue\u00f1os.<\/p>\n\n\n\n<p>Arturo Isau fue el ganador con el cuento de la Espada\u00f1a, que es el campanario de la Iglesia de Tlanchinol; se adjudic\u00f3 el lugar para acudir a la etapa estatal de Cuentacuentos que se llevar\u00e1 a cabo en fecha pr\u00f3xima.<\/p>\n\n\n\n<p>El concurso es una experiencia para que los alumnos tengan la oportunidad de conocer sus habilidades sobre la lengua oral y escrita; los cuentos presentados fueron creaci\u00f3n de los mismos ni\u00f1os y preparados por sus maestros.<\/p>\n\n\n\n<figure class=\"wp-block-image size-full\"><img fetchpriority=\"high\" decoding=\"async\" width=\"933\" height=\"524\" src=\"https:\/\/www.zunoticia.com\/noticias-de-hidalgo\/wp-content\/uploads\/2025\/03\/Zunoticia-Huejutla-1-227.png\" alt=\"\" class=\"wp-image-587535\"\/><\/figure>\n","protected":false},"excerpt":{"rendered":"<p>Por Enedino Hern\u00e1ndez Alonso\/Zunoticia Huejutla, Hgo. &#8211; Este jueves, despu\u00e9s de participar en la etapa de zona, fue electo el alumno Arturo Isau Valdivia Bautista de la Escuela Primaria \u201cNi\u00f1os H\u00e9roes\u201d de la zona escolar 159, de Tlanchinol, como representante del Sector 22 de primarias generales, para acudir a la etapa estatal de Cuentacuentos. En&hellip; <a class=\"more-link\" href=\"https:\/\/www.zunoticia.com\/noticias-de-hidalgo\/2025\/03\/27\/eligen-a-alumno-de-primaria-del-sector-22-a-la-etapa-estatal-de-cuentacuentos\/\">Seguir leyendo <span class=\"screen-reader-text\">Eligen a alumno de primaria del Sector 22, a la Etapa Estatal de Cuentacuentos<\/span><\/a><\/p>\n","protected":false},"author":20,"featured_media":587534,"comment_status":"open","ping_status":"open","sticky":false,"template":"","format":"standard","meta":{"rop_custom_images_group":[],"rop_custom_messages_group":[],"rop_publish_now":"initial","rop_publish_now_accounts":{"facebook_10159540855086992_322828327761733":""},"rop_publish_now_history":[],"rop_publish_now_status":"pending","footnotes":""},"categories":[181],"tags":[121],"class_list":["post-587533","post","type-post","status-publish","format-standard","has-post-thumbnail","hentry","category-huejutla","tag-huejutla","entry"],"_links":{"self":[{"href":"https:\/\/www.zunoticia.com\/noticias-de-hidalgo\/wp-json\/wp\/v2\/posts\/587533","targetHints":{"allow":["GET"]}}],"collection":[{"href":"https:\/\/www.zunoticia.com\/noticias-de-hidalgo\/wp-json\/wp\/v2\/posts"}],"about":[{"href":"https:\/\/www.zunoticia.com\/noticias-de-hidalgo\/wp-json\/wp\/v2\/types\/post"}],"author":[{"embeddable":true,"href":"https:\/\/www.zunoticia.com\/noticias-de-hidalgo\/wp-json\/wp\/v2\/users\/20"}],"replies":[{"embeddable":true,"href":"https:\/\/www.zunoticia.com\/noticias-de-hidalgo\/wp-json\/wp\/v2\/comments?post=587533"}],"version-history":[{"count":1,"href":"https:\/\/www.zunoticia.com\/noticias-de-hidalgo\/wp-json\/wp\/v2\/posts\/587533\/revisions"}],"predecessor-version":[{"id":587536,"href":"https:\/\/www.zunoticia.com\/noticias-de-hidalgo\/wp-json\/wp\/v2\/posts\/587533\/revisions\/587536"}],"wp:featuredmedia":[{"embeddable":true,"href":"https:\/\/www.zunoticia.com\/noticias-de-hidalgo\/wp-json\/wp\/v2\/media\/587534"}],"wp:attachment":[{"href":"https:\/\/www.zunoticia.com\/noticias-de-hidalgo\/wp-json\/wp\/v2\/media?parent=587533"}],"wp:term":[{"taxonomy":"category","embeddable":true,"href":"https:\/\/www.zunoticia.com\/noticias-de-hidalgo\/wp-json\/wp\/v2\/categories?post=587533"},{"taxonomy":"post_tag","embeddable":true,"href":"https:\/\/www.zunoticia.com\/noticias-de-hidalgo\/wp-json\/wp\/v2\/tags?post=587533"}],"curies":[{"name":"wp","href":"https:\/\/api.w.org\/{rel}","templated":true}]}}