{"id":587537,"date":"2025-03-27T17:34:26","date_gmt":"2025-03-27T23:34:26","guid":{"rendered":"https:\/\/www.zunoticia.com\/noticias-de-hidalgo\/?p=587537"},"modified":"2025-03-27T17:34:28","modified_gmt":"2025-03-27T23:34:28","slug":"administracion-de-mercados-coloca-focos-y-reordena-cables-en-concentracion-de-medidores","status":"publish","type":"post","link":"https:\/\/www.zunoticia.com\/noticias-de-hidalgo\/2025\/03\/27\/administracion-de-mercados-coloca-focos-y-reordena-cables-en-concentracion-de-medidores\/","title":{"rendered":"Administraci\u00f3n de Mercados coloca focos y reordena cables en concentraci\u00f3n de medidores"},"content":{"rendered":"<aside class=\"mashsb-container mashsb-main mashsb-stretched\"><div class=\"mashsb-box\"><div class=\"mashsb-count mash-large\" style=\"float:left\"><div class=\"counts mashsbcount\">0<\/div><span class=\"mashsb-sharetext\">SHARES<\/span><\/div><div class=\"mashsb-buttons\"><a class=\"mashicon-facebook mash-large mash-center mashsb-noshadow\" href=\"https:\/\/www.facebook.com\/sharer.php?u=https%3A%2F%2Fwww.zunoticia.com%2Fnoticias-de-hidalgo%2F2025%2F03%2F27%2Fadministracion-de-mercados-coloca-focos-y-reordena-cables-en-concentracion-de-medidores%2F\" target=\"_top\" rel=\"nofollow\"><span class=\"icon\"><\/span><span class=\"text\">Share<\/span><\/a><a class=\"mashicon-twitter mash-large mash-center mashsb-noshadow\" href=\"https:\/\/twitter.com\/intent\/tweet?text=&amp;url=https:\/\/www.zunoticia.com\/noticias-de-hidalgo\/2025\/03\/27\/administracion-de-mercados-coloca-focos-y-reordena-cables-en-concentracion-de-medidores\/\" target=\"_top\" rel=\"nofollow\"><span class=\"icon\"><\/span><span class=\"text\">Tweet<\/span><\/a><div class=\"onoffswitch2 mash-large mashsb-noshadow\" style=\"display:none\"><\/div><\/div>\n            <\/div>\n                <div style=\"clear:both\"><\/div><div class=\"mashsb-toggle-container\"><\/div><\/aside>\n            <!-- Share buttons by mashshare.net - Version: 4.0.47-->\n<p><em>Por Enedino Hern\u00e1ndez Alonso\/Zunoticia<\/em><\/p>\n\n\n\n<p><strong>Huejutla, Hgo<\/strong>. &#8211; Personal de la Administraci\u00f3n de Mercados en Huejutla de Reyes procedi\u00f3, durante este jueves, a colocar focos del alumbrado p\u00fablico por diversas \u00e1reas del mercado, as\u00ed como a la reordenaci\u00f3n de los cables del \u00e1rea de concentraci\u00f3n de medidores que se tiene en este sector comercial.<\/p>\n\n\n\n<p>El administrador de Mercados en Huejutla, Erick Azuara Toledo, explic\u00f3 que, primero se procedi\u00f3 a cambiar y colocar nuevos focos del alumbrado p\u00fablico por diversas \u00e1reas externas del mercado.<\/p>\n\n\n\n<p>Dijo que, tras verificar oportunamente de algunas posibles fallas el\u00e9ctricas, se procedi\u00f3 a colocar focos nuevos, principalmente en las \u00e1reas de los giros de chorizo, pan de Jaltoc\u00e1n, taquer\u00edas, entre otros espacios.<\/p>\n\n\n\n<p>En cuanto a la reordenaci\u00f3n de los cables del \u00e1rea de concentraci\u00f3n de medidores, ubicada por la calle Constituyentes, dijo que, muchos comerciantes ponen sus l\u00edneas, pero no colocan bien los cables en los canales.<\/p>\n\n\n\n<p>Por lo que, como una medida de prevenci\u00f3n, la Administraci\u00f3n de Mercados procedi\u00f3 en reacomodar los cables que se tienen esparcidos en el \u00e1rea de concentraci\u00f3n de medidores.<\/p>\n\n\n\n<figure class=\"wp-block-gallery has-nested-images columns-default is-cropped wp-block-gallery-1 is-layout-flex wp-block-gallery-is-layout-flex\">\n<figure class=\"wp-block-image size-full\"><img fetchpriority=\"high\" decoding=\"async\" width=\"933\" height=\"524\" data-id=\"587540\" src=\"https:\/\/www.zunoticia.com\/noticias-de-hidalgo\/wp-content\/uploads\/2025\/03\/Zunoticia-Huejutla-2-86.png\" alt=\"\" class=\"wp-image-587540\"\/><\/figure>\n\n\n\n<figure class=\"wp-block-image size-full\"><img decoding=\"async\" width=\"933\" height=\"524\" data-id=\"587539\" src=\"https:\/\/www.zunoticia.com\/noticias-de-hidalgo\/wp-content\/uploads\/2025\/03\/Zunoticia-Huejutla-1-228.png\" alt=\"\" class=\"wp-image-587539\"\/><\/figure>\n<\/figure>\n","protected":false},"excerpt":{"rendered":"<p>Por Enedino Hern\u00e1ndez Alonso\/Zunoticia Huejutla, Hgo. &#8211; Personal de la Administraci\u00f3n de Mercados en Huejutla de Reyes procedi\u00f3, durante este jueves, a colocar focos del alumbrado p\u00fablico por diversas \u00e1reas del mercado, as\u00ed como a la reordenaci\u00f3n de los cables del \u00e1rea de concentraci\u00f3n de medidores que se tiene en este sector comercial. El administrador&hellip; <a class=\"more-link\" href=\"https:\/\/www.zunoticia.com\/noticias-de-hidalgo\/2025\/03\/27\/administracion-de-mercados-coloca-focos-y-reordena-cables-en-concentracion-de-medidores\/\">Seguir leyendo <span class=\"screen-reader-text\">Administraci\u00f3n de Mercados coloca focos y reordena cables en concentraci\u00f3n de medidores<\/span><\/a><\/p>\n","protected":false},"author":20,"featured_media":587538,"comment_status":"open","ping_status":"open","sticky":false,"template":"","format":"standard","meta":{"rop_custom_images_group":[],"rop_custom_messages_group":[],"rop_publish_now":"initial","rop_publish_now_accounts":{"facebook_10159540855086992_322828327761733":""},"rop_publish_now_history":[],"rop_publish_now_status":"pending","footnotes":""},"categories":[181],"tags":[121],"class_list":["post-587537","post","type-post","status-publish","format-standard","has-post-thumbnail","hentry","category-huejutla","tag-huejutla","entry"],"_links":{"self":[{"href":"https:\/\/www.zunoticia.com\/noticias-de-hidalgo\/wp-json\/wp\/v2\/posts\/587537","targetHints":{"allow":["GET"]}}],"collection":[{"href":"https:\/\/www.zunoticia.com\/noticias-de-hidalgo\/wp-json\/wp\/v2\/posts"}],"about":[{"href":"https:\/\/www.zunoticia.com\/noticias-de-hidalgo\/wp-json\/wp\/v2\/types\/post"}],"author":[{"embeddable":true,"href":"https:\/\/www.zunoticia.com\/noticias-de-hidalgo\/wp-json\/wp\/v2\/users\/20"}],"replies":[{"embeddable":true,"href":"https:\/\/www.zunoticia.com\/noticias-de-hidalgo\/wp-json\/wp\/v2\/comments?post=587537"}],"version-history":[{"count":1,"href":"https:\/\/www.zunoticia.com\/noticias-de-hidalgo\/wp-json\/wp\/v2\/posts\/587537\/revisions"}],"predecessor-version":[{"id":587541,"href":"https:\/\/www.zunoticia.com\/noticias-de-hidalgo\/wp-json\/wp\/v2\/posts\/587537\/revisions\/587541"}],"wp:featuredmedia":[{"embeddable":true,"href":"https:\/\/www.zunoticia.com\/noticias-de-hidalgo\/wp-json\/wp\/v2\/media\/587538"}],"wp:attachment":[{"href":"https:\/\/www.zunoticia.com\/noticias-de-hidalgo\/wp-json\/wp\/v2\/media?parent=587537"}],"wp:term":[{"taxonomy":"category","embeddable":true,"href":"https:\/\/www.zunoticia.com\/noticias-de-hidalgo\/wp-json\/wp\/v2\/categories?post=587537"},{"taxonomy":"post_tag","embeddable":true,"href":"https:\/\/www.zunoticia.com\/noticias-de-hidalgo\/wp-json\/wp\/v2\/tags?post=587537"}],"curies":[{"name":"wp","href":"https:\/\/api.w.org\/{rel}","templated":true}]}}