{"id":587549,"date":"2025-03-27T18:17:49","date_gmt":"2025-03-28T00:17:49","guid":{"rendered":"https:\/\/www.zunoticia.com\/noticias-de-hidalgo\/?p=587549"},"modified":"2025-03-27T18:17:51","modified_gmt":"2025-03-28T00:17:51","slug":"fieles-catolicos-programan-viacrucis-por-la-vida","status":"publish","type":"post","link":"https:\/\/www.zunoticia.com\/noticias-de-hidalgo\/2025\/03\/27\/fieles-catolicos-programan-viacrucis-por-la-vida\/","title":{"rendered":"Fieles cat\u00f3licos programan Viacrucis \u201cPor la Vida\u201d"},"content":{"rendered":"<aside class=\"mashsb-container mashsb-main mashsb-stretched\"><div class=\"mashsb-box\"><div class=\"mashsb-count mash-large\" style=\"float:left\"><div class=\"counts mashsbcount\">0<\/div><span class=\"mashsb-sharetext\">SHARES<\/span><\/div><div class=\"mashsb-buttons\"><a class=\"mashicon-facebook mash-large mash-center mashsb-noshadow\" href=\"https:\/\/www.facebook.com\/sharer.php?u=https%3A%2F%2Fwww.zunoticia.com%2Fnoticias-de-hidalgo%2F2025%2F03%2F27%2Ffieles-catolicos-programan-viacrucis-por-la-vida%2F\" target=\"_top\" rel=\"nofollow\"><span class=\"icon\"><\/span><span class=\"text\">Share<\/span><\/a><a class=\"mashicon-twitter mash-large mash-center mashsb-noshadow\" href=\"https:\/\/twitter.com\/intent\/tweet?text=&amp;url=https:\/\/www.zunoticia.com\/noticias-de-hidalgo\/2025\/03\/27\/fieles-catolicos-programan-viacrucis-por-la-vida\/\" target=\"_top\" rel=\"nofollow\"><span class=\"icon\"><\/span><span class=\"text\">Tweet<\/span><\/a><div class=\"onoffswitch2 mash-large mashsb-noshadow\" style=\"display:none\"><\/div><\/div>\n            <\/div>\n                <div style=\"clear:both\"><\/div><div class=\"mashsb-toggle-container\"><\/div><\/aside>\n            <!-- Share buttons by mashshare.net - Version: 4.0.47-->\n<p><em>Por Enedino Hern\u00e1ndez Alonso\/Zunoticia<\/em><\/p>\n\n\n\n<p><strong>Huejutla, Hgo. &#8211;<\/strong> Fieles cat\u00f3licos han programado con toda anticipaci\u00f3n y realizar\u00e1n durante este viernes 28 de marzo, el Viacrucis \u201cPor la Vida\u201d, actividad que inicia en el \u00faltimo puente de Tlalnepantla, Jaltoc\u00e1n para terminar en la comunidad de Apilol.<\/p>\n\n\n\n<p>El Sacerdote cat\u00f3lico, Jes\u00fas Morfin Cartagena, detall\u00f3 que, en estos d\u00edas generalmente todos los viernes se hace el \u201cviacrucis\u201d, con lo cual se recuerda, celebra y vive; la pasi\u00f3n, muerte y resurrecci\u00f3n de Jesucristo.<\/p>\n\n\n\n<p>Por ello, en las Parroquias y comunidades hacen el viacrucis cada viernes, y para este viernes 28 de marzo se har\u00e1 un viacrucis especial en honor a la vida \u201cpediremos perd\u00f3n a la naturaleza por la tala de \u00e1rboles, por el poco cuidado que tenemos las personas y los gobiernos en los manantiales en donde se tiene el agua\u201d.<\/p>\n\n\n\n<p>A\u00f1adi\u00f3 \u201cel viacrucis concluye en la comunidad de Apilol con una celebraci\u00f3n eucar\u00edstica, en donde se pedir\u00e1 y meditar\u00e1 en la presencia de Dios naturaleza por el cual se nos da el agua, pediremos perd\u00f3n porque no respetamos los mantos acu\u00edferos, no respetamos los manantiales y la tala de \u00e1rboles\u201d.<\/p>\n\n\n\n<p>Abund\u00f3 que, \u201ca pesar de estas situaciones, Dios nos sigue dando el agua y actualmente en buena parte del pa\u00eds la escasez se hace presente, es un peligro para todos, pues apenas vamos empezando la primavera y ya falta agua\u201d.<\/p>\n\n\n\n<p>Jes\u00fas Morfin Cartagena, concluy\u00f3 que, desde estos d\u00edas por la regi\u00f3n ya se puede observar pipas y camiones cargados con tinacos que llevan el agua, \u201cestamos en un grave peligro, por ello es importante cuidar el agua y se invita a participar en el Viacrucis \u201cPor la Vida\u201d.<\/p>\n","protected":false},"excerpt":{"rendered":"<p>Por Enedino Hern\u00e1ndez Alonso\/Zunoticia Huejutla, Hgo. &#8211; Fieles cat\u00f3licos han programado con toda anticipaci\u00f3n y realizar\u00e1n durante este viernes 28 de marzo, el Viacrucis \u201cPor la Vida\u201d, actividad que inicia en el \u00faltimo puente de Tlalnepantla, Jaltoc\u00e1n para terminar en la comunidad de Apilol. El Sacerdote cat\u00f3lico, Jes\u00fas Morfin Cartagena, detall\u00f3 que, en estos d\u00edas&hellip; <a class=\"more-link\" href=\"https:\/\/www.zunoticia.com\/noticias-de-hidalgo\/2025\/03\/27\/fieles-catolicos-programan-viacrucis-por-la-vida\/\">Seguir leyendo <span class=\"screen-reader-text\">Fieles cat\u00f3licos programan Viacrucis \u201cPor la Vida\u201d<\/span><\/a><\/p>\n","protected":false},"author":20,"featured_media":587550,"comment_status":"open","ping_status":"open","sticky":false,"template":"","format":"standard","meta":{"rop_custom_images_group":[],"rop_custom_messages_group":[],"rop_publish_now":"initial","rop_publish_now_accounts":{"facebook_10159540855086992_322828327761733":""},"rop_publish_now_history":[],"rop_publish_now_status":"pending","footnotes":""},"categories":[181],"tags":[121],"class_list":["post-587549","post","type-post","status-publish","format-standard","has-post-thumbnail","hentry","category-huejutla","tag-huejutla","entry"],"_links":{"self":[{"href":"https:\/\/www.zunoticia.com\/noticias-de-hidalgo\/wp-json\/wp\/v2\/posts\/587549","targetHints":{"allow":["GET"]}}],"collection":[{"href":"https:\/\/www.zunoticia.com\/noticias-de-hidalgo\/wp-json\/wp\/v2\/posts"}],"about":[{"href":"https:\/\/www.zunoticia.com\/noticias-de-hidalgo\/wp-json\/wp\/v2\/types\/post"}],"author":[{"embeddable":true,"href":"https:\/\/www.zunoticia.com\/noticias-de-hidalgo\/wp-json\/wp\/v2\/users\/20"}],"replies":[{"embeddable":true,"href":"https:\/\/www.zunoticia.com\/noticias-de-hidalgo\/wp-json\/wp\/v2\/comments?post=587549"}],"version-history":[{"count":1,"href":"https:\/\/www.zunoticia.com\/noticias-de-hidalgo\/wp-json\/wp\/v2\/posts\/587549\/revisions"}],"predecessor-version":[{"id":587551,"href":"https:\/\/www.zunoticia.com\/noticias-de-hidalgo\/wp-json\/wp\/v2\/posts\/587549\/revisions\/587551"}],"wp:featuredmedia":[{"embeddable":true,"href":"https:\/\/www.zunoticia.com\/noticias-de-hidalgo\/wp-json\/wp\/v2\/media\/587550"}],"wp:attachment":[{"href":"https:\/\/www.zunoticia.com\/noticias-de-hidalgo\/wp-json\/wp\/v2\/media?parent=587549"}],"wp:term":[{"taxonomy":"category","embeddable":true,"href":"https:\/\/www.zunoticia.com\/noticias-de-hidalgo\/wp-json\/wp\/v2\/categories?post=587549"},{"taxonomy":"post_tag","embeddable":true,"href":"https:\/\/www.zunoticia.com\/noticias-de-hidalgo\/wp-json\/wp\/v2\/tags?post=587549"}],"curies":[{"name":"wp","href":"https:\/\/api.w.org\/{rel}","templated":true}]}}