{"id":587577,"date":"2025-03-27T20:46:42","date_gmt":"2025-03-28T02:46:42","guid":{"rendered":"https:\/\/www.zunoticia.com\/noticias-de-hidalgo\/?p=587577"},"modified":"2025-03-27T20:46:43","modified_gmt":"2025-03-28T02:46:43","slug":"demuelen-barda-en-monumento-a-capitan-antonio-reyes","status":"publish","type":"post","link":"https:\/\/www.zunoticia.com\/noticias-de-hidalgo\/2025\/03\/27\/demuelen-barda-en-monumento-a-capitan-antonio-reyes\/","title":{"rendered":"Demuelen barda en monumento a Capit\u00e1n Antonio Reyes"},"content":{"rendered":"<aside class=\"mashsb-container mashsb-main mashsb-stretched\"><div class=\"mashsb-box\"><div class=\"mashsb-count mash-large\" style=\"float:left\"><div class=\"counts mashsbcount\">0<\/div><span class=\"mashsb-sharetext\">SHARES<\/span><\/div><div class=\"mashsb-buttons\"><a class=\"mashicon-facebook mash-large mash-center mashsb-noshadow\" href=\"https:\/\/www.facebook.com\/sharer.php?u=https%3A%2F%2Fwww.zunoticia.com%2Fnoticias-de-hidalgo%2F2025%2F03%2F27%2Fdemuelen-barda-en-monumento-a-capitan-antonio-reyes%2F\" target=\"_top\" rel=\"nofollow\"><span class=\"icon\"><\/span><span class=\"text\">Share<\/span><\/a><a class=\"mashicon-twitter mash-large mash-center mashsb-noshadow\" href=\"https:\/\/twitter.com\/intent\/tweet?text=&amp;url=https:\/\/www.zunoticia.com\/noticias-de-hidalgo\/2025\/03\/27\/demuelen-barda-en-monumento-a-capitan-antonio-reyes\/\" target=\"_top\" rel=\"nofollow\"><span class=\"icon\"><\/span><span class=\"text\">Tweet<\/span><\/a><div class=\"onoffswitch2 mash-large mashsb-noshadow\" style=\"display:none\"><\/div><\/div>\n            <\/div>\n                <div style=\"clear:both\"><\/div><div class=\"mashsb-toggle-container\"><\/div><\/aside>\n            <!-- Share buttons by mashshare.net - Version: 4.0.47-->\n<p><em>Por \u00c1ngel Osiris Castillo Garc\u00eda\/Zunoticia<\/em><\/p>\n\n\n\n<p><strong>Huejutla, Hgo.-<\/strong> Debido a que desde el mes de octubre se encontraba inclinada la barda de la jardinera del monumento al Capit\u00e1n Antonio Reyes, por reblandecimiento del terreno a causa de las lluvias, personal de Obras P\u00fablicas y de Protecci\u00f3n Civil realizaron los trabajos de demolici\u00f3n a petici\u00f3n de la delegada de la colonia Capit\u00e1n Antonio Reyes, Amalia Garc\u00eda, ya que la barda representaba un riesgo para los transe\u00fantes.<\/p>\n\n\n\n<figure class=\"wp-block-image size-full\"><img fetchpriority=\"high\" decoding=\"async\" width=\"1600\" height=\"1200\" src=\"https:\/\/www.zunoticia.com\/noticias-de-hidalgo\/wp-content\/uploads\/2025\/03\/eZy-Watermark_27-03-2025_08-30-39-1680p.m.jpg\" alt=\"\" class=\"wp-image-587583\"\/><\/figure>\n\n\n\n<p>Los trabajos se llevaron a cabo la tarde de este jueves, en el acceso a la colonia Capit\u00e1n Antonio Reyes, en donde se dieron cita las autoridades del comit\u00e9, as\u00ed como personal de Protecci\u00f3n Civil municipal, encabezados por H\u00e9ctor G\u00f3mez, quienes cerraron el paso de veh\u00edculos hacia Barrio Arriba, para poder realizar las maniobras.<\/p>\n\n\n\n<figure class=\"wp-block-image size-full\"><img decoding=\"async\" width=\"1600\" height=\"900\" src=\"https:\/\/www.zunoticia.com\/noticias-de-hidalgo\/wp-content\/uploads\/2025\/03\/eZy-Watermark_27-03-2025_08-30-16-2070p.m.jpg\" alt=\"\" class=\"wp-image-587582\"\/><\/figure>\n\n\n\n<p>Mediante maquinaria pesada, se llev\u00f3 a cabo la demolici\u00f3n del muro que se encontraba ladeado debido al peso de la tierra y la falta de castillos que lo soportaran, por lo que estaba solamente detenida por un poste de concreto de la Comisi\u00f3n Federal de Electricidad, que a su vez soporta un transformador, lo cual causaba preocupaci\u00f3n entre los vecinos.<\/p>\n\n\n\n<figure class=\"wp-block-image size-full\"><img decoding=\"async\" width=\"1600\" height=\"900\" src=\"https:\/\/www.zunoticia.com\/noticias-de-hidalgo\/wp-content\/uploads\/2025\/03\/eZy-Watermark_27-03-2025_08-29-57-7990p.m.jpg\" alt=\"\" class=\"wp-image-587579\"\/><\/figure>\n\n\n\n<p>La delegada Amalia Garc\u00eda explic\u00f3 que, este problema inici\u00f3 desde el mes de octubre a causa de las lluvias que se presentaron y que ocasionaron el reblandecimiento de la tierra, y fue hasta que asumi\u00f3 el cargo en el pasado mes de febrero que present\u00f3 la solicitud ante el ayuntamiento para pedir que se apoyara con los trabajos de demolici\u00f3n, recibiendo una respuesta positiva del presidente municipal, Alfredo San Rom\u00e1n, a quien agradeci\u00f3&nbsp;el&nbsp;apoyo.<\/p>\n\n\n\n<figure class=\"wp-block-image size-full\"><img loading=\"lazy\" decoding=\"async\" width=\"1600\" height=\"900\" src=\"https:\/\/www.zunoticia.com\/noticias-de-hidalgo\/wp-content\/uploads\/2025\/03\/eZy-Watermark_27-03-2025_08-29-42-3970p.m.jpg\" alt=\"\" class=\"wp-image-587580\"\/><\/figure>\n","protected":false},"excerpt":{"rendered":"<p>Por \u00c1ngel Osiris Castillo Garc\u00eda\/Zunoticia Huejutla, Hgo.- Debido a que desde el mes de octubre se encontraba inclinada la barda de la jardinera del monumento al Capit\u00e1n Antonio Reyes, por reblandecimiento del terreno a causa de las lluvias, personal de Obras P\u00fablicas y de Protecci\u00f3n Civil realizaron los trabajos de demolici\u00f3n a petici\u00f3n de la&hellip; <a class=\"more-link\" href=\"https:\/\/www.zunoticia.com\/noticias-de-hidalgo\/2025\/03\/27\/demuelen-barda-en-monumento-a-capitan-antonio-reyes\/\">Seguir leyendo <span class=\"screen-reader-text\">Demuelen barda en monumento a Capit\u00e1n Antonio Reyes<\/span><\/a><\/p>\n","protected":false},"author":12,"featured_media":587581,"comment_status":"open","ping_status":"open","sticky":false,"template":"","format":"standard","meta":{"rop_custom_images_group":[],"rop_custom_messages_group":[],"rop_publish_now":"initial","rop_publish_now_accounts":{"facebook_10159540855086992_322828327761733":""},"rop_publish_now_history":[],"rop_publish_now_status":"pending","footnotes":""},"categories":[181],"tags":[121],"class_list":["post-587577","post","type-post","status-publish","format-standard","has-post-thumbnail","hentry","category-huejutla","tag-huejutla","entry"],"_links":{"self":[{"href":"https:\/\/www.zunoticia.com\/noticias-de-hidalgo\/wp-json\/wp\/v2\/posts\/587577","targetHints":{"allow":["GET"]}}],"collection":[{"href":"https:\/\/www.zunoticia.com\/noticias-de-hidalgo\/wp-json\/wp\/v2\/posts"}],"about":[{"href":"https:\/\/www.zunoticia.com\/noticias-de-hidalgo\/wp-json\/wp\/v2\/types\/post"}],"author":[{"embeddable":true,"href":"https:\/\/www.zunoticia.com\/noticias-de-hidalgo\/wp-json\/wp\/v2\/users\/12"}],"replies":[{"embeddable":true,"href":"https:\/\/www.zunoticia.com\/noticias-de-hidalgo\/wp-json\/wp\/v2\/comments?post=587577"}],"version-history":[{"count":1,"href":"https:\/\/www.zunoticia.com\/noticias-de-hidalgo\/wp-json\/wp\/v2\/posts\/587577\/revisions"}],"predecessor-version":[{"id":587584,"href":"https:\/\/www.zunoticia.com\/noticias-de-hidalgo\/wp-json\/wp\/v2\/posts\/587577\/revisions\/587584"}],"wp:featuredmedia":[{"embeddable":true,"href":"https:\/\/www.zunoticia.com\/noticias-de-hidalgo\/wp-json\/wp\/v2\/media\/587581"}],"wp:attachment":[{"href":"https:\/\/www.zunoticia.com\/noticias-de-hidalgo\/wp-json\/wp\/v2\/media?parent=587577"}],"wp:term":[{"taxonomy":"category","embeddable":true,"href":"https:\/\/www.zunoticia.com\/noticias-de-hidalgo\/wp-json\/wp\/v2\/categories?post=587577"},{"taxonomy":"post_tag","embeddable":true,"href":"https:\/\/www.zunoticia.com\/noticias-de-hidalgo\/wp-json\/wp\/v2\/tags?post=587577"}],"curies":[{"name":"wp","href":"https:\/\/api.w.org\/{rel}","templated":true}]}}