{"id":588517,"date":"2025-04-05T13:22:17","date_gmt":"2025-04-05T19:22:17","guid":{"rendered":"https:\/\/www.zunoticia.com\/noticias-de-hidalgo\/?p=588517"},"modified":"2025-04-05T13:22:18","modified_gmt":"2025-04-05T19:22:18","slug":"realizan-demostracion-de-actividades-en-educacion-inicial","status":"publish","type":"post","link":"https:\/\/www.zunoticia.com\/noticias-de-hidalgo\/2025\/04\/05\/realizan-demostracion-de-actividades-en-educacion-inicial\/","title":{"rendered":"Realizan demostraci\u00f3n de actividades en Educaci\u00f3n Inicial"},"content":{"rendered":"<aside class=\"mashsb-container mashsb-main mashsb-stretched\"><div class=\"mashsb-box\"><div class=\"mashsb-count mash-large\" style=\"float:left\"><div class=\"counts mashsbcount\">0<\/div><span class=\"mashsb-sharetext\">SHARES<\/span><\/div><div class=\"mashsb-buttons\"><a class=\"mashicon-facebook mash-large mash-center mashsb-noshadow\" href=\"https:\/\/www.facebook.com\/sharer.php?u=https%3A%2F%2Fwww.zunoticia.com%2Fnoticias-de-hidalgo%2F2025%2F04%2F05%2Frealizan-demostracion-de-actividades-en-educacion-inicial%2F\" target=\"_top\" rel=\"nofollow\"><span class=\"icon\"><\/span><span class=\"text\">Share<\/span><\/a><a class=\"mashicon-twitter mash-large mash-center mashsb-noshadow\" href=\"https:\/\/twitter.com\/intent\/tweet?text=&amp;url=https:\/\/www.zunoticia.com\/noticias-de-hidalgo\/2025\/04\/05\/realizan-demostracion-de-actividades-en-educacion-inicial\/\" target=\"_top\" rel=\"nofollow\"><span class=\"icon\"><\/span><span class=\"text\">Tweet<\/span><\/a><div class=\"onoffswitch2 mash-large mashsb-noshadow\" style=\"display:none\"><\/div><\/div>\n            <\/div>\n                <div style=\"clear:both\"><\/div><div class=\"mashsb-toggle-container\"><\/div><\/aside>\n            <!-- Share buttons by mashshare.net - Version: 4.0.47-->\n<p><em>Por Enedino Hern\u00e1ndez Alonso\/Zunoticia<\/em><\/p>\n\n\n\n<p><strong>Huejutla, Hgo.-<\/strong> Fue durante este fin de semana cuando se llev\u00f3 a cabo una demostraci\u00f3n de actividades referentes a Educaci\u00f3n Inicial, en donde participaron maestros y maestras que conforman el Sector 01 de Educaci\u00f3n Inicial, de las diversas zonas escolares de la Sierra y Huasteca.<\/p>\n\n\n\n<p>El supervisor escolar de Educaci\u00f3n Inicial y Preescolar, Casiano Hern\u00e1ndez Guzm\u00e1n, confirm\u00f3 que este tipo de actividades se llevan a cabo para reforzar sus conocimientos de acuerdo con las tem\u00e1ticas del Consejo T\u00e9cnico Escolar e intercambiar experiencias.<\/p>\n\n\n\n<figure class=\"wp-block-image size-full\"><img fetchpriority=\"high\" decoding=\"async\" width=\"933\" height=\"524\" src=\"https:\/\/www.zunoticia.com\/noticias-de-hidalgo\/wp-content\/uploads\/2025\/04\/Zunoticia-Huejutla-1-41.png\" alt=\"\" class=\"wp-image-588519\"\/><\/figure>\n\n\n\n<p>En el evento estuvo presente el jefe de Sector de Educaci\u00f3n Inicial y Preescolar, Juan Navarro \u00c1lvarez; as\u00ed como supervisores escolares de Educaci\u00f3n Inicial y Preescolar de la sierra y huasteca.<\/p>\n\n\n\n<p>La actividad se llev\u00f3 a cabo en las instalaciones del Centro de Educaci\u00f3n Inicial &#8216;Octavio Paz&#8217;, ubicadas en la comunidad de Santa Mar\u00eda, en el municipio de Tlanchinol.<\/p>\n\n\n\n<p>Finalmente se destaca que, los maestros participaron e hicieron una demostraci\u00f3n de sus actividades que normalmente realizan con sus alumnos en las escuelas.<\/p>\n","protected":false},"excerpt":{"rendered":"<p>Por Enedino Hern\u00e1ndez Alonso\/Zunoticia Huejutla, Hgo.- Fue durante este fin de semana cuando se llev\u00f3 a cabo una demostraci\u00f3n de actividades referentes a Educaci\u00f3n Inicial, en donde participaron maestros y maestras que conforman el Sector 01 de Educaci\u00f3n Inicial, de las diversas zonas escolares de la Sierra y Huasteca. El supervisor escolar de Educaci\u00f3n Inicial&hellip; <a class=\"more-link\" href=\"https:\/\/www.zunoticia.com\/noticias-de-hidalgo\/2025\/04\/05\/realizan-demostracion-de-actividades-en-educacion-inicial\/\">Seguir leyendo <span class=\"screen-reader-text\">Realizan demostraci\u00f3n de actividades en Educaci\u00f3n Inicial<\/span><\/a><\/p>\n","protected":false},"author":20,"featured_media":588518,"comment_status":"open","ping_status":"open","sticky":false,"template":"","format":"standard","meta":{"rop_custom_images_group":[],"rop_custom_messages_group":[],"rop_publish_now":"initial","rop_publish_now_accounts":{"facebook_10159540855086992_322828327761733":""},"rop_publish_now_history":[],"rop_publish_now_status":"pending","footnotes":""},"categories":[181],"tags":[121],"class_list":["post-588517","post","type-post","status-publish","format-standard","has-post-thumbnail","hentry","category-huejutla","tag-huejutla","entry"],"_links":{"self":[{"href":"https:\/\/www.zunoticia.com\/noticias-de-hidalgo\/wp-json\/wp\/v2\/posts\/588517","targetHints":{"allow":["GET"]}}],"collection":[{"href":"https:\/\/www.zunoticia.com\/noticias-de-hidalgo\/wp-json\/wp\/v2\/posts"}],"about":[{"href":"https:\/\/www.zunoticia.com\/noticias-de-hidalgo\/wp-json\/wp\/v2\/types\/post"}],"author":[{"embeddable":true,"href":"https:\/\/www.zunoticia.com\/noticias-de-hidalgo\/wp-json\/wp\/v2\/users\/20"}],"replies":[{"embeddable":true,"href":"https:\/\/www.zunoticia.com\/noticias-de-hidalgo\/wp-json\/wp\/v2\/comments?post=588517"}],"version-history":[{"count":1,"href":"https:\/\/www.zunoticia.com\/noticias-de-hidalgo\/wp-json\/wp\/v2\/posts\/588517\/revisions"}],"predecessor-version":[{"id":588520,"href":"https:\/\/www.zunoticia.com\/noticias-de-hidalgo\/wp-json\/wp\/v2\/posts\/588517\/revisions\/588520"}],"wp:featuredmedia":[{"embeddable":true,"href":"https:\/\/www.zunoticia.com\/noticias-de-hidalgo\/wp-json\/wp\/v2\/media\/588518"}],"wp:attachment":[{"href":"https:\/\/www.zunoticia.com\/noticias-de-hidalgo\/wp-json\/wp\/v2\/media?parent=588517"}],"wp:term":[{"taxonomy":"category","embeddable":true,"href":"https:\/\/www.zunoticia.com\/noticias-de-hidalgo\/wp-json\/wp\/v2\/categories?post=588517"},{"taxonomy":"post_tag","embeddable":true,"href":"https:\/\/www.zunoticia.com\/noticias-de-hidalgo\/wp-json\/wp\/v2\/tags?post=588517"}],"curies":[{"name":"wp","href":"https:\/\/api.w.org\/{rel}","templated":true}]}}