{"id":588521,"date":"2025-04-05T13:40:37","date_gmt":"2025-04-05T19:40:37","guid":{"rendered":"https:\/\/www.zunoticia.com\/noticias-de-hidalgo\/?p=588521"},"modified":"2025-04-05T13:40:38","modified_gmt":"2025-04-05T19:40:38","slug":"ayuntamiento-de-tlanchinol-emite-convocatoria-a-ninos-funcionarios-por-un-dia","status":"publish","type":"post","link":"https:\/\/www.zunoticia.com\/noticias-de-hidalgo\/2025\/04\/05\/ayuntamiento-de-tlanchinol-emite-convocatoria-a-ninos-funcionarios-por-un-dia\/","title":{"rendered":"Ayuntamiento de Tlanchinol emite Convocatoria a Ni\u00f1os funcionarios por un d\u00eda"},"content":{"rendered":"<aside class=\"mashsb-container mashsb-main mashsb-stretched\"><div class=\"mashsb-box\"><div class=\"mashsb-count mash-large\" style=\"float:left\"><div class=\"counts mashsbcount\">0<\/div><span class=\"mashsb-sharetext\">SHARES<\/span><\/div><div class=\"mashsb-buttons\"><a class=\"mashicon-facebook mash-large mash-center mashsb-noshadow\" href=\"https:\/\/www.facebook.com\/sharer.php?u=https%3A%2F%2Fwww.zunoticia.com%2Fnoticias-de-hidalgo%2F2025%2F04%2F05%2Fayuntamiento-de-tlanchinol-emite-convocatoria-a-ninos-funcionarios-por-un-dia%2F\" target=\"_top\" rel=\"nofollow\"><span class=\"icon\"><\/span><span class=\"text\">Share<\/span><\/a><a class=\"mashicon-twitter mash-large mash-center mashsb-noshadow\" href=\"https:\/\/twitter.com\/intent\/tweet?text=&amp;url=https:\/\/www.zunoticia.com\/noticias-de-hidalgo\/2025\/04\/05\/ayuntamiento-de-tlanchinol-emite-convocatoria-a-ninos-funcionarios-por-un-dia\/\" target=\"_top\" rel=\"nofollow\"><span class=\"icon\"><\/span><span class=\"text\">Tweet<\/span><\/a><div class=\"onoffswitch2 mash-large mashsb-noshadow\" style=\"display:none\"><\/div><\/div>\n            <\/div>\n                <div style=\"clear:both\"><\/div><div class=\"mashsb-toggle-container\"><\/div><\/aside>\n            <!-- Share buttons by mashshare.net - Version: 4.0.47-->\n<p><em>Por Redacci\u00f3n\/Zunoticia<\/em><\/p>\n\n\n\n<p><strong>Tlanchinol, Hgo<\/strong>.- En el marco de las celebraciones del D\u00eda del Ni\u00f1o y de la Ni\u00f1a, en su edici\u00f3n 2025, el gobierno municipal Tlanchinol 2024-2027, que preside el Lic. Gabino Hern\u00e1ndez Vite, a trav\u00e9s de la Secretar\u00eda de Educaci\u00f3n y Desarrollo Humano, extiende la convocatoria \u201cFuncionarios infantiles por un d\u00eda\u201d.<\/p>\n\n\n\n<p>Es dirigido a todos los alumnos de 5\u00ba y 6\u00ba de Educaci\u00f3n Primaria de Comunidades y la cabecera de Tlanchinol.<\/p>\n\n\n\n<p>Las inscripciones ser\u00e1n partir de la presente, hasta el 25 de abril, en horario de 9:00 a.m. a 4:00 p.m., en la Secretar\u00eda de Educaci\u00f3n y Desarrollo Humano. Para mayores informes pueden llamar al tel\u00e9fono: 771214979 y 7713558463.<\/p>\n\n\n\n<p>Descarga la convocatoria en el siguiente enlace: https:\/\/goo.su\/lNr06<\/p>\n","protected":false},"excerpt":{"rendered":"<p>Por Redacci\u00f3n\/Zunoticia Tlanchinol, Hgo.- En el marco de las celebraciones del D\u00eda del Ni\u00f1o y de la Ni\u00f1a, en su edici\u00f3n 2025, el gobierno municipal Tlanchinol 2024-2027, que preside el Lic. Gabino Hern\u00e1ndez Vite, a trav\u00e9s de la Secretar\u00eda de Educaci\u00f3n y Desarrollo Humano, extiende la convocatoria \u201cFuncionarios infantiles por un d\u00eda\u201d. Es dirigido a&hellip; <a class=\"more-link\" href=\"https:\/\/www.zunoticia.com\/noticias-de-hidalgo\/2025\/04\/05\/ayuntamiento-de-tlanchinol-emite-convocatoria-a-ninos-funcionarios-por-un-dia\/\">Seguir leyendo <span class=\"screen-reader-text\">Ayuntamiento de Tlanchinol emite Convocatoria a Ni\u00f1os funcionarios por un d\u00eda<\/span><\/a><\/p>\n","protected":false},"author":20,"featured_media":588522,"comment_status":"open","ping_status":"open","sticky":false,"template":"","format":"standard","meta":{"rop_custom_images_group":[],"rop_custom_messages_group":[],"rop_publish_now":"initial","rop_publish_now_accounts":{"facebook_10159540855086992_322828327761733":""},"rop_publish_now_history":[],"rop_publish_now_status":"pending","footnotes":""},"categories":[219,201],"tags":[346,127],"class_list":["post-588521","post","type-post","status-publish","format-standard","has-post-thumbnail","hentry","category-sierra","category-tlanchinol","tag-sierra","tag-tlanchinol","entry"],"_links":{"self":[{"href":"https:\/\/www.zunoticia.com\/noticias-de-hidalgo\/wp-json\/wp\/v2\/posts\/588521","targetHints":{"allow":["GET"]}}],"collection":[{"href":"https:\/\/www.zunoticia.com\/noticias-de-hidalgo\/wp-json\/wp\/v2\/posts"}],"about":[{"href":"https:\/\/www.zunoticia.com\/noticias-de-hidalgo\/wp-json\/wp\/v2\/types\/post"}],"author":[{"embeddable":true,"href":"https:\/\/www.zunoticia.com\/noticias-de-hidalgo\/wp-json\/wp\/v2\/users\/20"}],"replies":[{"embeddable":true,"href":"https:\/\/www.zunoticia.com\/noticias-de-hidalgo\/wp-json\/wp\/v2\/comments?post=588521"}],"version-history":[{"count":1,"href":"https:\/\/www.zunoticia.com\/noticias-de-hidalgo\/wp-json\/wp\/v2\/posts\/588521\/revisions"}],"predecessor-version":[{"id":588523,"href":"https:\/\/www.zunoticia.com\/noticias-de-hidalgo\/wp-json\/wp\/v2\/posts\/588521\/revisions\/588523"}],"wp:featuredmedia":[{"embeddable":true,"href":"https:\/\/www.zunoticia.com\/noticias-de-hidalgo\/wp-json\/wp\/v2\/media\/588522"}],"wp:attachment":[{"href":"https:\/\/www.zunoticia.com\/noticias-de-hidalgo\/wp-json\/wp\/v2\/media?parent=588521"}],"wp:term":[{"taxonomy":"category","embeddable":true,"href":"https:\/\/www.zunoticia.com\/noticias-de-hidalgo\/wp-json\/wp\/v2\/categories?post=588521"},{"taxonomy":"post_tag","embeddable":true,"href":"https:\/\/www.zunoticia.com\/noticias-de-hidalgo\/wp-json\/wp\/v2\/tags?post=588521"}],"curies":[{"name":"wp","href":"https:\/\/api.w.org\/{rel}","templated":true}]}}